{"id":1077,"date":"2021-05-15T11:27:11","date_gmt":"2021-05-15T09:27:11","guid":{"rendered":"https:\/\/www.aletheia-scimed.ch\/?p=1077"},"modified":"2022-07-08T17:05:47","modified_gmt":"2022-07-08T15:05:47","slug":"anzeige-gegen-den-chef-der-swiss-national-covid-19-science-taskforce","status":"publish","type":"post","link":"https:\/\/www.aletheia-scimed.ch\/de\/anzeige-gegen-den-chef-der-swiss-national-covid-19-science-taskforce\/","title":{"rendered":"Anzeige gegen den Chef der Swiss National Covid-19 Science Taskforce"},"content":{"rendered":"<p><strong>ALETHEIA beteiligt sich an der Strafanzeige gegen den Chef der Task-Force wegen Schreckung der Bev\u00f6lkerung<\/strong><\/p>\n<p>Gegen Martin Ackermann, den Chef der \u00abSwiss National Covid-19 Science Task Force\u00bb und allenfalls weitere Tatbeteiligte ist Strafanzeige wegen vors\u00e4tzlicher und erfolgreicher Schreckung der Bev\u00f6lkerung gem\u00e4ss\u00a0<a href=\"https:\/\/www.fedlex.admin.ch\/eli\/cc\/54\/757_781_799\/de#book_2\/tit_12\/lvl_d6550e708\" target=\"_blank\" rel=\"noopener\"><strong>Art. 258<\/strong><\/a>\u00a0des Strafgesetzbuches eingereicht worden.<\/p>\n<p>ALETHEIA hatte bereits im Februar in einem umfangreichen\u00a0<a href=\"https:\/\/www.aletheia-scimed.ch\/de\/document\/brief-heilen-ohne-zu-schaden-an-entscheidungstragende-und-parlament-10-2-2021\/\" target=\"_blank\" rel=\"noopener\"><strong>Offenen Brief<\/strong><\/a>\u00a0belegt, dass die Task-Force einseitig panikmachend kommuniziert und deshalb eine offene Debatte verlangt. Da dieser Dialog und eine notwendige Trendwende zu mehr Verh\u00e4ltnism\u00e4ssigkeit bis heute verweigert wird, sieht ALETHEIA den Rechtsweg als letztes Mittel, um diese offensichtliche Verbreitung von Angst und Schrecken aufgrund von falschen Angaben und Annahmen zu stoppen.<\/p>\n<p>Anzeige erstattet haben gemeinsam mit ALETHEIA auch der Tr\u00e4gerverein der Informationsplattform\u00a0<a href=\"https:\/\/corona-transition.org\/strafanzeige-gegen-die-task-force-wegen-schreckung-der-bevolkerung\" target=\"_blank\" rel=\"noopener\"><strong>Corona-Transition<\/strong><\/a>, die\u00a0<a href=\"https:\/\/verfassungsfreunde.ch\/de\" target=\"_blank\" rel=\"noopener\"><strong>Freunde der Verfassung<\/strong><\/a>, die Vereinigung\u00a0<a href=\"https:\/\/www.mass-voll.ch\/\" target=\"_blank\" rel=\"noopener\"><strong>Mass-Voll<\/strong><\/a>, der\u00a0<a href=\"https:\/\/www.freie-kmu.ch\/\" target=\"_blank\" rel=\"noopener\"><strong>Verband Freie KMU<\/strong><\/a>\u00a0sowie sieben Privatkl\u00e4ger, darunter auch der Hauptautor der 94 Seiten und 221 Quellen umfassenden\u00a0<a href=\"https:\/\/corona-transition.org\/IMG\/pdf\/strafanzeige_schreckung_task-force_12-5-21.pdf\" target=\"_blank\" rel=\"noopener\"><strong>Anzeige<\/strong><\/a>.<\/p>\n","protected":false},"excerpt":{"rendered":"<p>ALETHEIA beteiligt sich an der Strafanzeige gegen den Chef der Task-Force wegen Schreckung der Bev\u00f6lkerung Gegen Martin Ackermann, den Chef der \u00abSwiss National Covid-19 Science Task Force\u00bb und allenfalls weitere Tatbeteiligte ist Strafanzeige wegen vors\u00e4tzlicher und erfolgreicher Schreckung der Bev\u00f6lkerung gem\u00e4ss\u00a0Art. 258\u00a0des Strafgesetzbuches eingereicht worden. ALETHEIA hatte bereits im Februar in einem umfangreichen\u00a0Offenen Brief\u00a0belegt, dass [&hellip;]<\/p>\n","protected":false},"author":6,"featured_media":1975,"comment_status":"closed","ping_status":"closed","sticky":false,"template":"","format":"standard","meta":{"_acf_changed":false,"footnotes":""},"categories":[3,27],"class_list":["post-1077","post","type-post","status-publish","format-standard","has-post-thumbnail","hentry","category-corona","category-recht"],"acf":[],"publishpress_future_action":{"enabled":false,"date":"2026-05-06 12:16:08","action":"change-status","newStatus":"draft","terms":[],"taxonomy":"category","extraData":[]},"publishpress_future_workflow_manual_trigger":{"enabledWorkflows":[]},"_links":{"self":[{"href":"https:\/\/www.aletheia-scimed.ch\/de\/wp-json\/wp\/v2\/posts\/1077","targetHints":{"allow":["GET"]}}],"collection":[{"href":"https:\/\/www.aletheia-scimed.ch\/de\/wp-json\/wp\/v2\/posts"}],"about":[{"href":"https:\/\/www.aletheia-scimed.ch\/de\/wp-json\/wp\/v2\/types\/post"}],"author":[{"embeddable":true,"href":"https:\/\/www.aletheia-scimed.ch\/de\/wp-json\/wp\/v2\/users\/6"}],"replies":[{"embeddable":true,"href":"https:\/\/www.aletheia-scimed.ch\/de\/wp-json\/wp\/v2\/comments?post=1077"}],"version-history":[{"count":8,"href":"https:\/\/www.aletheia-scimed.ch\/de\/wp-json\/wp\/v2\/posts\/1077\/revisions"}],"predecessor-version":[{"id":4832,"href":"https:\/\/www.aletheia-scimed.ch\/de\/wp-json\/wp\/v2\/posts\/1077\/revisions\/4832"}],"wp:featuredmedia":[{"embeddable":true,"href":"https:\/\/www.aletheia-scimed.ch\/de\/wp-json\/wp\/v2\/media\/1975"}],"wp:attachment":[{"href":"https:\/\/www.aletheia-scimed.ch\/de\/wp-json\/wp\/v2\/media?parent=1077"}],"wp:term":[{"taxonomy":"category","embeddable":true,"href":"https:\/\/www.aletheia-scimed.ch\/de\/wp-json\/wp\/v2\/categories?post=1077"}],"curies":[{"name":"wp","href":"https:\/\/api.w.org\/{rel}","templated":true}]}}