{"id":14562,"date":"2023-05-18T16:00:37","date_gmt":"2023-05-18T15:00:37","guid":{"rendered":"https:\/\/www.aletheia-scimed.ch\/?p=14562"},"modified":"2023-05-18T20:36:09","modified_gmt":"2023-05-18T19:36:09","slug":"ist-das-der-krieg-gegen-unsere-gesundheit","status":"publish","type":"post","link":"https:\/\/www.aletheia-scimed.ch\/de\/ist-das-der-krieg-gegen-unsere-gesundheit\/","title":{"rendered":"Ist das der Krieg gegen unsere Gesundheit?"},"content":{"rendered":"<h3><strong>Am Freiluft-Kongress vom 7. Mai 2023 in Winterthur <\/strong>hat ALETHEIA Mitglied Beat S\u00fcess erkl\u00e4rt, warum er die Entwicklungen als Krieg gegen unsere Gesundheit bezeichnet.<\/h3>\n<p>Anhand seiner intensiven Recherchen ist Beat S\u00fcess, ehemaliges Vorstandsmitglied von ALETHEIA, in der Lage aufzuzeigen, dass in der Schweiz 18&#8217;000 Menschen den Impfungen und den Massnahmen zum Opfer gefallen sind. Die Analysen basieren auf offiziellen Statistiken des BFS (Bundesamt f\u00fcr Statistik). Im <a href=\"https:\/\/youtu.be\/WFANcKtKnxY?t=13276\">Live-Vortrag<\/a> erkl\u00e4rt er, aufgrund welcher Berechnungen er zu diesem Schluss kommt.<\/p>\n<p>In den Analysen erkennt man, dass im Jahr 2020 bis zum Sommer nichts Ungew\u00f6hnliches im Vergleich zu anderen Jahren geschehen ist. Dann aber wurde im Sommer 2020 die Maskenpflicht eingef\u00fchrt. Weitere Massnahmen folgten. Anschliessend ging die Kurve der Verstorbenen durch die Decke. Die erwartete Sterblichkeit ist v\u00f6llig aus dem Ruder gelaufen. Bis Ende 2022 ist diese Kurve dann noch steiler angestiegen. Das sei ein be\u00e4ngstigender Verlauf, merkte Beat S\u00fcess zu seinen pr\u00e4sentierten Zahlen an. Der steile Anstieg der Kurve ist anfangs 2023 zwar etwas zur\u00fcckgegangen, was aber auch damit zu tun hat, dass das BFS die zu erwartenden Todesf\u00e4llen bei den \u00fcber 65-j\u00e4hrigen f\u00fcr 2023 einfach kurzerhand um 8% oder 4&#8217;500 erh\u00f6ht hat.<\/p>\n<p>Weiter erf\u00e4hrt man in seinem Vortrag, dass man bei den \u00fcber 65-J\u00e4hrigen mit 16&#8217;400 Toten \u00fcber dem langj\u00e4hrigen Trend steht. Auf einer weiteren Folie wird die Entwicklung der unter 65-J\u00e4hrigen aufgezeigt. Diese Folie weist auf einen be\u00e4ngstigenden Trend hin, welcher S\u00fcess dazu bringt, in seinem Beitrag von einem Krieg gegen unsere Gesundheit zu sprechen. Mittlerweile bel\u00e4uft sich diese Zahl auf total 18&#8217;000. Insbesondere wenn man die Statistiken der unter 65-j\u00e4hrigen betrachtet, erscheint die ganze verfolgte Impfstrategie kriminell, denn in dieser Altersgruppe sind w\u00e4hrend der &#8220;Pandemie&#8221; nur sehr wenige effektiv an Corona verstorben. Es gab in dieser Zeit sogar weniger Tote als bei einer normalen Grippewelle. Das gr\u00f6sste Verbrechen jedoch ist, dass man die &#8220;Impfung&#8221; den Schwangeren empfohlen hat. Das BAG wurde mehrmals darauf hingewiesen, dass es f\u00fcr diese Gruppe keine verl\u00e4sslichen Sicherheitsdaten gibt und seit Juni 2022 klar ist, dass die Pfizer Zulassungsdaten massive Gefahren f\u00fcr das ungeborene Leben belegen. Ungeachtet dessen f\u00fchrt das BAG weiterhin Schwangere als Risikogruppe f\u00fcr schwere Verl\u00e4ufe auf, die bei erneuter Impfempfehlung priorit\u00e4r geimpft werden sollen.<\/p>\n<h2>Sein klares Fazit!<\/h2>\n<h3>Erst seit dem Start der Massnahmen und Impfungen starben unerwartet viele Menschen. 2022 starben jeden Tag durchschnittlich zwei Menschen unter und 19 Menschen \u00fcber 65 Jahren unerwartet, total 7&#8217;665.<\/h3>\n<p>Ist das der stille Krieg, der gegen unsere Gesundheit gef\u00fchrt wird? Wer f\u00fchrt diesen Krieg und welche Rolle spielt das BAG? Die Teststrategie deutet bereits seit 2020 darauf hin, dass das BAG gezielt die \u00f6ffentliche Meinung, Beh\u00f6rden und sogar das Parlament durch Manipulation beeinflusst. Aber welche Rolle spielt die WHO, die die ganze Pandemie ausgerufen hat?<\/p>\n<p>Bilden Sie sich Ihre eigene Meinung, indem Sie die ausf\u00fchrlichen <a href=\"https:\/\/coronagate.blog\/2023\/03\/17\/der-krieg-gegen-unsere-gesundheit\/\" target=\"_blank\" rel=\"noopener\">Analysen im Blog-Beitrag<\/a> lesen, den <a href=\"https:\/\/youtu.be\/WFANcKtKnxY?t=13276\" target=\"_blank\" rel=\"noopener\">Live-Vortrag<\/a> anschauen und die weiteren Quellen pr\u00fcfen.<\/p>\n<div id=\"attachment_14647\" style=\"width: 1034px\" class=\"wp-caption alignnone\"><img loading=\"lazy\" decoding=\"async\" aria-describedby=\"caption-attachment-14647\" class=\"wp-image-14647 size-large\" src=\"https:\/\/www.aletheia-scimed.ch\/wp-content\/uploads\/2023\/05\/coronagateblog_BFS_Teststrategie-1-1024x574.jpg\" alt=\"\" width=\"1024\" height=\"574\" srcset=\"https:\/\/www.aletheia-scimed.ch\/wp-content\/uploads\/2023\/05\/coronagateblog_BFS_Teststrategie-1-1024x574.jpg 1024w, https:\/\/www.aletheia-scimed.ch\/wp-content\/uploads\/2023\/05\/coronagateblog_BFS_Teststrategie-1-300x168.jpg 300w, https:\/\/www.aletheia-scimed.ch\/wp-content\/uploads\/2023\/05\/coronagateblog_BFS_Teststrategie-1-768x430.jpg 768w, https:\/\/www.aletheia-scimed.ch\/wp-content\/uploads\/2023\/05\/coronagateblog_BFS_Teststrategie-1.jpg 1260w\" sizes=\"auto, (max-width: 1024px) 100vw, 1024px\" \/><p id=\"caption-attachment-14647\" class=\"wp-caption-text\">Das BAG hat auff\u00e4lligerweise immer 4 Wochen vor der Einf\u00fchrung einer Massnahme oder eines Gesetzes (Herbstsession) die Tests ausgeweitet, obwohl aus labortechnischer Sicht kein Grund daf\u00fcr bestand, da die Positivit\u00e4tsrate zum Zeitpunkt der Ausweitung immer r\u00fcckl\u00e4ufig war oder stagnierte.<\/p><\/div>\n<div id=\"attachment_14650\" style=\"width: 1034px\" class=\"wp-caption alignnone\"><img loading=\"lazy\" decoding=\"async\" aria-describedby=\"caption-attachment-14650\" class=\"wp-image-14650 size-large\" src=\"https:\/\/www.aletheia-scimed.ch\/wp-content\/uploads\/2023\/05\/coronagateblog_BFS_Teststrategie-2-1024x576.jpg\" alt=\"\" width=\"1024\" height=\"576\" srcset=\"https:\/\/www.aletheia-scimed.ch\/wp-content\/uploads\/2023\/05\/coronagateblog_BFS_Teststrategie-2-1024x576.jpg 1024w, https:\/\/www.aletheia-scimed.ch\/wp-content\/uploads\/2023\/05\/coronagateblog_BFS_Teststrategie-2-300x169.jpg 300w, https:\/\/www.aletheia-scimed.ch\/wp-content\/uploads\/2023\/05\/coronagateblog_BFS_Teststrategie-2-768x432.jpg 768w, https:\/\/www.aletheia-scimed.ch\/wp-content\/uploads\/2023\/05\/coronagateblog_BFS_Teststrategie-2.jpg 1261w\" sizes=\"auto, (max-width: 1024px) 100vw, 1024px\" \/><p id=\"caption-attachment-14650\" class=\"wp-caption-text\">2021 hat man diese Strategie unbeirrt weitergef\u00fchrt. Erst wurde mit den Massnetest an den Schulen ab Februar 2021 die Fallzahlen in ungeahnte neue H\u00f6hen getrieben, obwohl die Positivit\u00e4tsrate seit Wochen massiv zur\u00fcckgegangen war. Vor der Herbstsession und dann sogar vor der Referendumsabstimmung zum Covid-Gesetz wurdenn die Test erneut in die H\u00f6he getrieben und somit Parlament und Stimmvolk beeinflusst.<\/p><\/div>\n<div id=\"attachment_14656\" style=\"width: 1034px\" class=\"wp-caption alignnone\"><img loading=\"lazy\" decoding=\"async\" aria-describedby=\"caption-attachment-14656\" class=\"wp-image-14656 size-large\" src=\"https:\/\/www.aletheia-scimed.ch\/wp-content\/uploads\/2023\/05\/coronagateblog_BFS_Sterblichkeit65-1024x572.jpg\" alt=\"\" width=\"1024\" height=\"572\" srcset=\"https:\/\/www.aletheia-scimed.ch\/wp-content\/uploads\/2023\/05\/coronagateblog_BFS_Sterblichkeit65-1024x572.jpg 1024w, https:\/\/www.aletheia-scimed.ch\/wp-content\/uploads\/2023\/05\/coronagateblog_BFS_Sterblichkeit65-300x167.jpg 300w, https:\/\/www.aletheia-scimed.ch\/wp-content\/uploads\/2023\/05\/coronagateblog_BFS_Sterblichkeit65-768x429.jpg 768w, https:\/\/www.aletheia-scimed.ch\/wp-content\/uploads\/2023\/05\/coronagateblog_BFS_Sterblichkeit65.jpg 1261w\" sizes=\"auto, (max-width: 1024px) 100vw, 1024px\" \/><p id=\"caption-attachment-14656\" class=\"wp-caption-text\">Die erste SARS-CoV-2 Welle im Fr\u00fchjahr 2020 war harmloser als die Grippewellen 2013, 2015 und 2017. Erst im Herbst 2020 begann die Pandemie. Die Sterblichkeit ligt seither massiv \u00fcber den Erwartungen. Handelt es sich hier um eine Pandemie der Massnahmen inklusive experimentelle &#8220;Impfstoffe&#8221;?<\/p><\/div>\n<p><img loading=\"lazy\" decoding=\"async\" class=\"alignnone wp-image-14573 size-large\" src=\"https:\/\/www.aletheia-scimed.ch\/wp-content\/uploads\/2023\/05\/coronagateblog_BFS65-1024x520.jpg\" alt=\"\" width=\"1024\" height=\"520\" srcset=\"https:\/\/www.aletheia-scimed.ch\/wp-content\/uploads\/2023\/05\/coronagateblog_BFS65-1024x520.jpg 1024w, https:\/\/www.aletheia-scimed.ch\/wp-content\/uploads\/2023\/05\/coronagateblog_BFS65-300x152.jpg 300w, https:\/\/www.aletheia-scimed.ch\/wp-content\/uploads\/2023\/05\/coronagateblog_BFS65-768x390.jpg 768w, https:\/\/www.aletheia-scimed.ch\/wp-content\/uploads\/2023\/05\/coronagateblog_BFS65-1536x780.jpg 1536w, https:\/\/www.aletheia-scimed.ch\/wp-content\/uploads\/2023\/05\/coronagateblog_BFS65.jpg 2048w\" sizes=\"auto, (max-width: 1024px) 100vw, 1024px\" \/><\/p>\n<p>Erst durch die Aneinanderreihung der Abweichungen aller Jahre wird deutlich, wie massiv die Sterblichkeit seit Herbst 2020 aus dem Ruder l\u00e4uft.<\/p>\n<p><img loading=\"lazy\" decoding=\"async\" class=\"alignnone wp-image-14570 size-large\" src=\"https:\/\/www.aletheia-scimed.ch\/wp-content\/uploads\/2023\/05\/coronagateblog_BFS_0-64-1024x509.jpg\" alt=\"\" width=\"1024\" height=\"509\" srcset=\"https:\/\/www.aletheia-scimed.ch\/wp-content\/uploads\/2023\/05\/coronagateblog_BFS_0-64-1024x509.jpg 1024w, https:\/\/www.aletheia-scimed.ch\/wp-content\/uploads\/2023\/05\/coronagateblog_BFS_0-64-300x149.jpg 300w, https:\/\/www.aletheia-scimed.ch\/wp-content\/uploads\/2023\/05\/coronagateblog_BFS_0-64-768x382.jpg 768w, https:\/\/www.aletheia-scimed.ch\/wp-content\/uploads\/2023\/05\/coronagateblog_BFS_0-64-1536x764.jpg 1536w, https:\/\/www.aletheia-scimed.ch\/wp-content\/uploads\/2023\/05\/coronagateblog_BFS_0-64.jpg 2048w\" sizes=\"auto, (max-width: 1024px) 100vw, 1024px\" \/><\/p>\n<p>Bei den unter 65-j\u00e4hrigen wird deutlich, dass hier vor allem seit Einf\u00fchrung der &#8220;Impfung&#8221; die Sterblichkeit besorgniserregend ansteigt.<\/p>\n","protected":false},"excerpt":{"rendered":"<p>Am Freiluft-Kongress vom 7. Mai 2023 in Winterthur hat ALETHEIA Mitglied Beat S\u00fcess erkl\u00e4rt, warum er die Entwicklungen als Krieg gegen unsere Gesundheit bezeichnet. Anhand seiner intensiven Recherchen ist Beat S\u00fcess, ehemaliges Vorstandsmitglied von ALETHEIA, in der Lage aufzuzeigen, dass in der Schweiz 18&#8217;000 Menschen den Impfungen und den Massnahmen zum Opfer gefallen sind. Die [&hellip;]<\/p>\n","protected":false},"author":5,"featured_media":14573,"comment_status":"closed","ping_status":"closed","sticky":false,"template":"","format":"standard","meta":{"_acf_changed":false,"footnotes":""},"categories":[3,4,25],"class_list":["post-14562","post","type-post","status-publish","format-standard","has-post-thumbnail","hentry","category-corona","category-impfung","category-massnahmen"],"acf":[],"publishpress_future_action":{"enabled":false,"date":"2026-05-08 20:10:10","action":"change-status","newStatus":"draft","terms":[],"taxonomy":"category","extraData":[]},"publishpress_future_workflow_manual_trigger":{"enabledWorkflows":[]},"_links":{"self":[{"href":"https:\/\/www.aletheia-scimed.ch\/de\/wp-json\/wp\/v2\/posts\/14562","targetHints":{"allow":["GET"]}}],"collection":[{"href":"https:\/\/www.aletheia-scimed.ch\/de\/wp-json\/wp\/v2\/posts"}],"about":[{"href":"https:\/\/www.aletheia-scimed.ch\/de\/wp-json\/wp\/v2\/types\/post"}],"author":[{"embeddable":true,"href":"https:\/\/www.aletheia-scimed.ch\/de\/wp-json\/wp\/v2\/users\/5"}],"replies":[{"embeddable":true,"href":"https:\/\/www.aletheia-scimed.ch\/de\/wp-json\/wp\/v2\/comments?post=14562"}],"version-history":[{"count":26,"href":"https:\/\/www.aletheia-scimed.ch\/de\/wp-json\/wp\/v2\/posts\/14562\/revisions"}],"predecessor-version":[{"id":14673,"href":"https:\/\/www.aletheia-scimed.ch\/de\/wp-json\/wp\/v2\/posts\/14562\/revisions\/14673"}],"wp:featuredmedia":[{"embeddable":true,"href":"https:\/\/www.aletheia-scimed.ch\/de\/wp-json\/wp\/v2\/media\/14573"}],"wp:attachment":[{"href":"https:\/\/www.aletheia-scimed.ch\/de\/wp-json\/wp\/v2\/media?parent=14562"}],"wp:term":[{"taxonomy":"category","embeddable":true,"href":"https:\/\/www.aletheia-scimed.ch\/de\/wp-json\/wp\/v2\/categories?post=14562"}],"curies":[{"name":"wp","href":"https:\/\/api.w.org\/{rel}","templated":true}]}}