{"id":17533,"date":"2023-10-16T09:54:33","date_gmt":"2023-10-16T08:54:33","guid":{"rendered":"https:\/\/www.aletheia-scimed.ch\/?p=17533"},"modified":"2023-10-16T10:21:41","modified_gmt":"2023-10-16T09:21:41","slug":"filmempfehlung-un-sichtbar-wir-muessen-reden","status":"publish","type":"post","link":"https:\/\/www.aletheia-scimed.ch\/de\/filmempfehlung-un-sichtbar-wir-muessen-reden\/","title":{"rendered":"Filmempfehlung: UN-SICHTBAR | Wir m\u00fcssen reden!"},"content":{"rendered":"<p>Elf junge Menschen (zwischen 9 und 29 Jahre alt) erz\u00e4hlen von den schwerwiegenden Nebenwirkungen, die bei ihnen nach einer Corona-Impfung aufgetreten sind. Sie schildern wie sehr sich ihr Leben ver\u00e4ndert hat, wie schwierig es f\u00fcr sie ist Hilfe und Anerkennung zu bekommen und wie schwer sich ihr Umfeld und die Gesellschaft tut, offen \u00fcber Impfnebenwirkungen zu reden.<\/p>\n<p>F\u00fcr junge gesunde Menschen war das Risiko aufgrund einer Infektion mit dem neuen Corona-Virus schwer zu erkranken immer sehr gering. Dadurch minimiert sich auch der Nutzen einer Corona-Impfung. Im Gegenzug k\u00f6nnen sehr seltene Nebenwirkungen (per Definition weniger als ein Fall bei 10&#8217;000 oder mehr Behandelten) zu einer negativen Nutzen-Risiko-Abw\u00e4gung f\u00fchren. Der seltene Schaden ist gr\u00f6sser als der minimale Nutzen.<\/p>\n<p>In der zweiten H\u00e4lfte des Jahres 2021, dem H\u00f6hepunkt der Impfkampagne f\u00fcr junge Menschen, gab es keine methodisch hochwertigen Studien f\u00fcr eine seri\u00f6se Nutzen-Risiko-Abw\u00e4gung. Die Impfempfehlungen f\u00fcr junge Menschen fielen deshalb in Europa sehr unterschiedlich aus. Einig waren sich aber alle Impfkommissionen, dass auf ungeimpften Kinder und Jugendliche kein Druck ausge\u00fcbt werden soll. Die Realit\u00e4t war leider eine andere. Mit der Zulassung der Impfstoffe im Jahr 2021 waren junge Menschen einem enormen Impfdruck ausgesetzt. Im Bildungsbereich, im Sport- oder Musikverein, in der Gemeinde, Familie, oder in einem anderen Bereich. Ohne eine Impfung war &#8211; bis weit in das Jahr 2022 hinein &#8211; eine soziale Teilhabe am Leben deutlich erschwert, oder nicht mehr m\u00f6glich. Diese Zeit hat Spuren hinterlassen. Sowohl bei den jungen Menschen aber auch in unserer Gesellschaft.<\/p>\n<p>Aktuell wird die Corona-Impfung in kaum einem europ\u00e4ischen Land f\u00fcr diese Bev\u00f6lkerungsgruppe empfohlen. Viele Entscheidungen von damals wurden als falsch erkannt. Seien es die Kindergarten- oder Schulschliessungen, die Impfpflicht, oder der soziale Ausschluss von Personen die die 2-G-Regel nicht erf\u00fcllten. Es wird Zeit, dass auch die Impfkampagne f\u00fcr junge Menschen und ihre gesundheitlichen und psychosozialen Folgen aufgearbeitet wird.<\/p>\n<p>&#8220;<a href=\"https:\/\/www.youtube.com\/@schutzfilmkanal\" target=\"_blank\" rel=\"noopener\">Schutzfilm<\/a>&#8221; hat ein halbes Jahr an diesem Dokumentarfilm \u00fcber Impfnebenwirkungen gearbeitet. Sie haben versucht den Leidensdruck der jungen Menschen und ihren Familien sichtbar zu machen. Einen Film zu produzieren, der zum Denken und zum Diskutieren anregt. Ein Film der hilft \u00fcber jene Geschehnisse zu reden, die andere gerne unsichtbar machen und verschweigen w\u00fcrden.<\/p>\n<p><iframe loading=\"lazy\" title=\"UN-SICHTBAR Der Film #Teil 1\" width=\"500\" height=\"281\" src=\"https:\/\/www.youtube.com\/embed\/tdnaQllvz50?feature=oembed\" frameborder=\"0\" allow=\"accelerometer; autoplay; clipboard-write; encrypted-media; gyroscope; picture-in-picture; web-share\" referrerpolicy=\"strict-origin-when-cross-origin\" allowfullscreen><\/iframe><\/p>\n<p>&nbsp;<\/p>\n<p><iframe loading=\"lazy\" title=\"UN-SICHTBAR Der Film #Teil 2\" width=\"500\" height=\"281\" src=\"https:\/\/www.youtube.com\/embed\/-3fnDNM8DDk?feature=oembed\" frameborder=\"0\" allow=\"accelerometer; autoplay; clipboard-write; encrypted-media; gyroscope; picture-in-picture; web-share\" referrerpolicy=\"strict-origin-when-cross-origin\" allowfullscreen><\/iframe><\/p>\n<p><em>&#8220;Alle Infektionskrankheiten bergen Langzeitrisiken, alle Arzneimittel haben Nebenwirkungen. Die gesundheitlichen Langzeitfolgen nach einer Infektion mit dem neuen Corona-Virus sind real, die gesundheitlichen Langzeitfolgen nach einer Impfung gegen Corona sind es auch. W\u00e4hrend Ersteres im Fokus der \u00d6ffentlichkeit steht, Versorgungseinrichtungen dahingehend geschult und Millionen an Forschungsgeldern daf\u00fcr gewidmet werden, fristet Zweiteres ein Schattendasein, bleibt unsichtbar. Noch immer ist unklar wie viele Menschen an den Langzeitfolgen einer Infektion, oder an den Langzeitfolgen einer Impfung leiden. Vieles ist unbekannt, viele Fragen sind noch unbeantwortet. Was wir aber mit Sicherheit wissen ist, dass die Betroffenen mehr Aufmerksamkeit und gesellschaftliche Unterst\u00fctzung verdienen.<\/em><\/p>\n<p><em>Der neue Film <a href=\"https:\/\/www.un-sichtbar.com\/\" target=\"_blank\" rel=\"noopener\">UN-SICHTBAR<\/a> von Patricia Marchart und Georg Sabransky widmet sich jenen unsichtbaren Kindern und jungen Menschen bei denen die Impfung gegen Corona schwerwiegende gesundheitliche aber auch soziale Nebenwirkungen zur Folge hatte. Es ist ein behutsamer Film der ohne laute T\u00f6ne auskommt. Das Schicksal der jungen Menschen und ihrer Familien steht im Mittelpunkt. Zu Wort kommen auch ausgewiesene Fachleute aus der Kinder- und Jugendheilkunde sowie Infektiologie. Es ist ein sehenswerter Film, ein Film der zum Denken anregen und Diskussionen anstossen soll. Es ist aber auch ein unterst\u00fctzenswerter Film, da er ohne Subventionen und \u00f6ffentliche Mittel erstellt wurde.&#8221;<\/em><\/p>\n<p><em>Martin Sprenger, Arzt und Gesundheitswissenschaftler, Graz<\/em><\/p>\n","protected":false},"excerpt":{"rendered":"<p>Elf junge Menschen (zwischen 9 und 29 Jahre alt) erz\u00e4hlen von den schwerwiegenden Nebenwirkungen, die bei ihnen nach einer Corona-Impfung aufgetreten sind. Sie schildern wie sehr sich ihr Leben ver\u00e4ndert hat, wie schwierig es f\u00fcr sie ist Hilfe und Anerkennung zu bekommen und wie schwer sich ihr Umfeld und die Gesellschaft tut, offen \u00fcber Impfnebenwirkungen [&hellip;]<\/p>\n","protected":false},"author":5,"featured_media":17539,"comment_status":"closed","ping_status":"closed","sticky":false,"template":"","format":"standard","meta":{"_acf_changed":false,"footnotes":""},"categories":[3,4],"class_list":["post-17533","post","type-post","status-publish","format-standard","has-post-thumbnail","hentry","category-corona","category-impfung"],"acf":[],"publishpress_future_action":{"enabled":false,"date":"2026-05-07 03:12:03","action":"change-status","newStatus":"draft","terms":[],"taxonomy":"category","extraData":[]},"publishpress_future_workflow_manual_trigger":{"enabledWorkflows":[]},"_links":{"self":[{"href":"https:\/\/www.aletheia-scimed.ch\/de\/wp-json\/wp\/v2\/posts\/17533","targetHints":{"allow":["GET"]}}],"collection":[{"href":"https:\/\/www.aletheia-scimed.ch\/de\/wp-json\/wp\/v2\/posts"}],"about":[{"href":"https:\/\/www.aletheia-scimed.ch\/de\/wp-json\/wp\/v2\/types\/post"}],"author":[{"embeddable":true,"href":"https:\/\/www.aletheia-scimed.ch\/de\/wp-json\/wp\/v2\/users\/5"}],"replies":[{"embeddable":true,"href":"https:\/\/www.aletheia-scimed.ch\/de\/wp-json\/wp\/v2\/comments?post=17533"}],"version-history":[{"count":6,"href":"https:\/\/www.aletheia-scimed.ch\/de\/wp-json\/wp\/v2\/posts\/17533\/revisions"}],"predecessor-version":[{"id":17550,"href":"https:\/\/www.aletheia-scimed.ch\/de\/wp-json\/wp\/v2\/posts\/17533\/revisions\/17550"}],"wp:featuredmedia":[{"embeddable":true,"href":"https:\/\/www.aletheia-scimed.ch\/de\/wp-json\/wp\/v2\/media\/17539"}],"wp:attachment":[{"href":"https:\/\/www.aletheia-scimed.ch\/de\/wp-json\/wp\/v2\/media?parent=17533"}],"wp:term":[{"taxonomy":"category","embeddable":true,"href":"https:\/\/www.aletheia-scimed.ch\/de\/wp-json\/wp\/v2\/categories?post=17533"}],"curies":[{"name":"wp","href":"https:\/\/api.w.org\/{rel}","templated":true}]}}