{"id":19369,"date":"2024-02-13T16:01:45","date_gmt":"2024-02-13T15:01:45","guid":{"rendered":"https:\/\/www.aletheia-scimed.ch\/?p=19369"},"modified":"2024-02-13T16:05:23","modified_gmt":"2024-02-13T15:05:23","slug":"stopp-den-geplanten-who-vertraegen-aktion-von-zukunft-ch","status":"publish","type":"post","link":"https:\/\/www.aletheia-scimed.ch\/de\/stopp-den-geplanten-who-vertraegen-aktion-von-zukunft-ch\/","title":{"rendered":"Stopp den geplanten WHO-Vertr\u00e4gen &#8211; Aktion von zukunft.ch"},"content":{"rendered":"<p>Zukunft CH lanciert eine dringende Protestkartenaktion: Ab sofort kann jeder B\u00fcrger<br \/>\nsein klares Nein zu den geplanten WHO-Vertr\u00e4gen an Bundespr\u00e4sidentin Viola<br \/>\nAmherd zum Ausdruck bringen.<\/p>\n<p>Die Zeit dr\u00e4ngt: Sowohl die \u00c4nderungen der Internationalen Gesundheitsvorschriften als<br \/>\nauch der neue Pandemievertrag sollen bereits an der Weltgesundheitsversammlung Ende<br \/>\nMai 2024 verabschiedet werden.<\/p>\n<p>Da diese beiden WHO-Vertr\u00e4ge gravierende Folgen f\u00fcr die<br \/>\nSchweiz und die B\u00fcrger mit sich bringen, hat Zukunft CH <a href=\"https:\/\/www.zukunft-ch.ch\/stoppt-die-who-vertraege-jetzt-protestkarte-unterschreiben\/\">detailliert dar\u00fcber informiert<\/a> sowie<br \/>\naktuell eine Protestkarte entworfen. Zukunft CH ruft alle auf, sich an dieser Aktion zu<br \/>\nbeteiligen.<\/p>\n<p>Die vom Juristen Ralph Studer formulierte Protestkarte kann sowohl <a href=\"https:\/\/www.zukunft-ch.ch\/wp-content\/uploads\/2024\/02\/Zukunft-CH-Protestkarte-WHO-Vertraege-2024.pdf\">digital<\/a> als auch in<br \/>\n<a href=\"https:\/\/www.zukunft-ch.ch\/bestellformular\/\">Printform<\/a> genutzt werden. Mit dieser wird ein klarer Stopp der im Raum stehenden WHOVertr\u00e4ge gefordert.<\/p>\n<p>Denn <strong>die geplanten WHO-Vertr\u00e4ge hebeln die Schweizer Verfassung<\/strong><br \/>\n<strong>aus<\/strong> und bedrohen alles, wof\u00fcr die Schweiz steht \u2013 Souver\u00e4nit\u00e4t, Freiheit und<br \/>\nMenschenrechte. Adressiert ist die Protestkarte direkt an Bundespr\u00e4sidentin Viola Amherd.<br \/>\nMachtausbau der WHO ohne Kontrollmechanismen<\/p>\n<p>Die Einflussm\u00f6glichkeit der WHO auf die Staaten w\u00fcrde bei Annahme der Vertr\u00e4ge massiv<br \/>\nausgedehnt, indem WHO-Empfehlungen neu verbindlich werden sollen. Gravierend ist<br \/>\ninsbesondere der vorgesehene Macht- und Kompetenzausbau zu Gunsten des WHOGeneraldirektors, da dieser weder einer unabh\u00e4ngigen Kontrollinstanz noch einer<br \/>\nRechenschaftspflicht untersteht. Zudem sollen sich die Staaten mit den Vertr\u00e4gen<br \/>\nverpflichten, sogenannte \u2013 nach Ansicht der WHO \u2013 \u201efalsche\u201c und \u201eirref\u00fchrende\u201c<br \/>\nInformationen bei Gesundheitsrisiken zu bek\u00e4mpfen. Dies k\u00e4me einem eklatanten Verstoss<br \/>\ngegen die verfassungsm\u00e4ssig gew\u00e4hrleistete Meinungs- und Wissenschaftsfreiheit sowie<br \/>\ngegen die Informationsrechte der B\u00fcrger gleich.<\/p>\n<p>Bis heute liegt keine Verlautbarung des Bundesrats vor, die sich mit diesem geplanten<br \/>\nMachtausbau der WHO und den Gefahren f\u00fcr die Schweiz und ihre Bev\u00f6lkerung kritisch<br \/>\nauseinandersetzt. Eine solche Machtkonzentration \u2013 insbesondere ohne Kontrollm\u00f6glichkeit<br \/>\n\u2013 widerspricht einer freiheitlich-demokratischen und rechtsstaatlichen Grundordnung und ist<br \/>\nf\u00fcr die Schweiz unannehmbar. Deshalb fordert Zukunft CH mit dieser WHOProtestkartenaktion auf, diese im Mai 2024 geplanten WHO-Vertr\u00e4ge umgehend zu stoppen.<br \/>\nWeitere Informationen unter: Stoppt die WHO-Vertr\u00e4ge!<\/p>\n<p>Jetzt Protestkarte unterschreiben!<\/p>\n<p>Hier noch ein Interview mit Ralph Studer:<\/p>\n<p><iframe loading=\"lazy\" title=\"Interview mit Ralph Studer - WHO Vertr\u00e4ge\" width=\"500\" height=\"281\" src=\"https:\/\/www.youtube.com\/embed\/B2fJLRqSGS4?feature=oembed\" frameborder=\"0\" allow=\"accelerometer; autoplay; clipboard-write; encrypted-media; gyroscope; picture-in-picture; web-share\" referrerpolicy=\"strict-origin-when-cross-origin\" allowfullscreen><\/iframe><\/p>\n<p>Ansprechpartner f\u00fcr die Medien: Leiter Fachbereich Werte &amp;Gesellschaft<br \/>\nNicola Niessen lic. iur. Ralph Studer<br \/>\nTelefon 052 268 65 07 Telefon 052 268 65 00<\/p>\n<p>nicola.niessen@zukunft-ch.ch<br \/>\ninfo@zukunft-ch.ch<br \/>\nZukunft CH ist eine gemeinn\u00fctzige Stiftung, die sich f\u00fcr die Respektierung der Menschenrechte (AEMR 1948) und die freiheitlich-demokratische Rechtsordnung der Schweiz einsetzt und zukunftstragende Werte vermitteln will.<\/p>\n<p>Stiftung Zukunft CH, Z\u00fcrcherstrasse 123, CH-8406 Winterthur<br \/>\nTelefon +41 (0)52 268 65 00, www.zukunft-ch.ch, info@zukunft-ch.ch<\/p>\n","protected":false},"excerpt":{"rendered":"<p>Zukunft CH lanciert eine dringende Protestkartenaktion: Ab sofort kann jeder B\u00fcrger sein klares Nein zu den geplanten WHO-Vertr\u00e4gen an Bundespr\u00e4sidentin Viola Amherd zum Ausdruck bringen. Die Zeit dr\u00e4ngt: Sowohl die \u00c4nderungen der Internationalen Gesundheitsvorschriften als auch der neue Pandemievertrag sollen bereits an der Weltgesundheitsversammlung Ende Mai 2024 verabschiedet werden. Da diese beiden WHO-Vertr\u00e4ge gravierende Folgen [&hellip;]<\/p>\n","protected":false},"author":18,"featured_media":19370,"comment_status":"closed","ping_status":"closed","sticky":false,"template":"","format":"standard","meta":{"_acf_changed":false,"footnotes":""},"categories":[119,38],"class_list":["post-19369","post","type-post","status-publish","format-standard","has-post-thumbnail","hentry","category-who","category-oeffentlichkeitsarbeit"],"acf":[],"publishpress_future_action":{"enabled":false,"date":"2026-05-08 22:42:35","action":"change-status","newStatus":"draft","terms":[],"taxonomy":"category","extraData":[]},"publishpress_future_workflow_manual_trigger":{"enabledWorkflows":[]},"_links":{"self":[{"href":"https:\/\/www.aletheia-scimed.ch\/de\/wp-json\/wp\/v2\/posts\/19369","targetHints":{"allow":["GET"]}}],"collection":[{"href":"https:\/\/www.aletheia-scimed.ch\/de\/wp-json\/wp\/v2\/posts"}],"about":[{"href":"https:\/\/www.aletheia-scimed.ch\/de\/wp-json\/wp\/v2\/types\/post"}],"author":[{"embeddable":true,"href":"https:\/\/www.aletheia-scimed.ch\/de\/wp-json\/wp\/v2\/users\/18"}],"replies":[{"embeddable":true,"href":"https:\/\/www.aletheia-scimed.ch\/de\/wp-json\/wp\/v2\/comments?post=19369"}],"version-history":[{"count":2,"href":"https:\/\/www.aletheia-scimed.ch\/de\/wp-json\/wp\/v2\/posts\/19369\/revisions"}],"predecessor-version":[{"id":19374,"href":"https:\/\/www.aletheia-scimed.ch\/de\/wp-json\/wp\/v2\/posts\/19369\/revisions\/19374"}],"wp:featuredmedia":[{"embeddable":true,"href":"https:\/\/www.aletheia-scimed.ch\/de\/wp-json\/wp\/v2\/media\/19370"}],"wp:attachment":[{"href":"https:\/\/www.aletheia-scimed.ch\/de\/wp-json\/wp\/v2\/media?parent=19369"}],"wp:term":[{"taxonomy":"category","embeddable":true,"href":"https:\/\/www.aletheia-scimed.ch\/de\/wp-json\/wp\/v2\/categories?post=19369"}],"curies":[{"name":"wp","href":"https:\/\/api.w.org\/{rel}","templated":true}]}}