{"id":20011,"date":"2024-04-26T19:58:43","date_gmt":"2024-04-26T18:58:43","guid":{"rendered":"https:\/\/www.aletheia-scimed.ch\/?p=20011"},"modified":"2024-04-26T20:01:07","modified_gmt":"2024-04-26T19:01:07","slug":"totalitaere-schweiz","status":"publish","type":"post","link":"https:\/\/www.aletheia-scimed.ch\/de\/totalitaere-schweiz\/","title":{"rendered":"Totalit\u00e4re Schweiz?"},"content":{"rendered":"<p><strong>DE:<\/strong> Der neue Film &#8220;COVID &#8211; Schweizer Totalitarismus?&#8221; kommt auch in der deutschen Version in Grenchen ins Kino.<br \/>\nZu obengenannten Terminen kann man den Filmemacher noch kennenlernen.<\/p>\n<p>&nbsp;<\/p>\n<p><strong>FR:<\/strong>\u00a0Autres dates \u00e0 noter :<br \/>\n&#8211; La Chaux-de-Fonds : Cin\u00e9ma Scala, 11 &amp; 12 mai 2024 \u00e0 17h30, en pr\u00e9sence du r\u00e9alisateur. R\u00e9servez ici pour le 11 mai (https:\/\/eventfrog.ch\/fr\/p\/loisirs-excursions\/film-cinema\/film-covid-7186356763955763730.html) et ici pour le 12 mai. (https:\/\/eventfrog.ch\/fr\/p\/loisirs-excursions\/film-cinema\/film-covid-7186358585969850282.html)<br \/>\n&#8211; Evol\u00e8ne : 24 mai, 140 Rue Centrale.<br \/>\nPour r\u00e9server votre place :\u00a0lokareto@netplus.ch<br \/>\n&#8211; Grenchen le 12 juin au Cinema Omegang (Deutsche fassung).<\/p>\n<p>\ud83c\udf99\ufe0f Ne manquez pas cette occasion de rencontrer le r\u00e9alisateur et d&#8217;\u00e9changer avec lui.<\/p>\n<p>\ud83d\udd11 C&#8217;est le moment de questionner et de chercher la v\u00e9rit\u00e9 derri\u00e8re la gestion de la crise.<\/p>\n<p><iframe loading=\"lazy\" title=\"FILM COVID (Helvetischer Totalitarismus?) Bald im Kino 2023\" width=\"500\" height=\"281\" src=\"https:\/\/www.youtube.com\/embed\/M-39uMYN4jU?feature=oembed\" frameborder=\"0\" allow=\"accelerometer; autoplay; clipboard-write; encrypted-media; gyroscope; picture-in-picture; web-share\" referrerpolicy=\"strict-origin-when-cross-origin\" allowfullscreen><\/iframe><\/p>\n","protected":false},"excerpt":{"rendered":"<p>DE: Der neue Film &#8220;COVID &#8211; Schweizer Totalitarismus?&#8221; kommt auch in der deutschen Version in Grenchen ins Kino. Zu obengenannten Terminen kann man den Filmemacher noch kennenlernen. &nbsp; FR:\u00a0Autres dates \u00e0 noter : &#8211; La Chaux-de-Fonds : Cin\u00e9ma Scala, 11 &amp; 12 mai 2024 \u00e0 17h30, en pr\u00e9sence du r\u00e9alisateur. R\u00e9servez ici pour le 11 [&hellip;]<\/p>\n","protected":false},"author":18,"featured_media":20012,"comment_status":"closed","ping_status":"closed","sticky":false,"template":"","format":"standard","meta":{"_acf_changed":false,"footnotes":""},"categories":[126,25],"class_list":["post-20011","post","type-post","status-publish","format-standard","has-post-thumbnail","hentry","category-fundgrube","category-massnahmen"],"acf":[],"publishpress_future_action":{"enabled":false,"date":"2026-05-06 23:36:52","action":"change-status","newStatus":"draft","terms":[],"taxonomy":"category","extraData":[]},"publishpress_future_workflow_manual_trigger":{"enabledWorkflows":[]},"_links":{"self":[{"href":"https:\/\/www.aletheia-scimed.ch\/de\/wp-json\/wp\/v2\/posts\/20011","targetHints":{"allow":["GET"]}}],"collection":[{"href":"https:\/\/www.aletheia-scimed.ch\/de\/wp-json\/wp\/v2\/posts"}],"about":[{"href":"https:\/\/www.aletheia-scimed.ch\/de\/wp-json\/wp\/v2\/types\/post"}],"author":[{"embeddable":true,"href":"https:\/\/www.aletheia-scimed.ch\/de\/wp-json\/wp\/v2\/users\/18"}],"replies":[{"embeddable":true,"href":"https:\/\/www.aletheia-scimed.ch\/de\/wp-json\/wp\/v2\/comments?post=20011"}],"version-history":[{"count":3,"href":"https:\/\/www.aletheia-scimed.ch\/de\/wp-json\/wp\/v2\/posts\/20011\/revisions"}],"predecessor-version":[{"id":20020,"href":"https:\/\/www.aletheia-scimed.ch\/de\/wp-json\/wp\/v2\/posts\/20011\/revisions\/20020"}],"wp:featuredmedia":[{"embeddable":true,"href":"https:\/\/www.aletheia-scimed.ch\/de\/wp-json\/wp\/v2\/media\/20012"}],"wp:attachment":[{"href":"https:\/\/www.aletheia-scimed.ch\/de\/wp-json\/wp\/v2\/media?parent=20011"}],"wp:term":[{"taxonomy":"category","embeddable":true,"href":"https:\/\/www.aletheia-scimed.ch\/de\/wp-json\/wp\/v2\/categories?post=20011"}],"curies":[{"name":"wp","href":"https:\/\/api.w.org\/{rel}","templated":true}]}}