{"id":20136,"date":"2024-05-14T08:08:21","date_gmt":"2024-05-14T07:08:21","guid":{"rendered":"https:\/\/www.aletheia-scimed.ch\/?p=20136"},"modified":"2024-05-14T09:30:18","modified_gmt":"2024-05-14T08:30:18","slug":"charite-rki-rueckfall-in-nazi-treue","status":"publish","type":"post","link":"https:\/\/www.aletheia-scimed.ch\/de\/charite-rki-rueckfall-in-nazi-treue\/","title":{"rendered":"Charit\u00e9 + RKI: R\u00fcckfall in Nazi-Treue?"},"content":{"rendered":"<p>Prof. Dr. Harald Matthes (Charit\u00e9) versuchte, ehrlich \u00fcber Impfsch\u00e4den aufzukl\u00e4ren, wurde aber von der Klinikleitung geknebelt, die sich \u201estaatstragend\u201d sah . Charit\u00e9 und RKI kommen beide von ihrer gr\u00e4sslichen Vergangenheit nicht los.<br \/>\nDa ist ja sowieso schon seit erzwungener Ver\u00f6ffentlichung der (NOCH!) geschw\u00e4rzten Protokolle \u00f6ffentlich notwendig geworden, nach der Aufarbeitung (alt) eine Aufarbeitung (NEU!) durchzuf\u00fchren!<\/p>\n<p><iframe loading=\"lazy\" title=\"Charit\u00e9-Professor \u00fcber Impfnebenwirkungen und Pandemiepolitik - Im Gespr\u00e4ch mit Prof.Dr. Matthes\" width=\"500\" height=\"281\" src=\"https:\/\/www.youtube.com\/embed\/glDM_FI3tEs?feature=oembed\" frameborder=\"0\" allow=\"accelerometer; autoplay; clipboard-write; encrypted-media; gyroscope; picture-in-picture; web-share\" referrerpolicy=\"strict-origin-when-cross-origin\" allowfullscreen><\/iframe><\/p>\n<p><span class=\"yt-core-attributed-string--link-inherit-color\">Erw\u00e4hnte Studien <\/span><\/p>\n<ul>\n<li><span class=\"yt-core-attributed-string--link-inherit-color\">Peter Doshi schwere Nebenwirkungen 1:800 Geimpfte: <\/span><span class=\"yt-core-attributed-string--link-inherit-color\"><a class=\"yt-core-attributed-string__link yt-core-attributed-string__link--display-type yt-core-attributed-string__link--call-to-action-color\" tabindex=\"0\" href=\"https:\/\/www.mdr.de\/ratgeber\/gesundheit\/download-900.html\" target=\"_blank\" rel=\"nofollow noopener\">https:\/\/www.mdr.de\/ratgeber\/gesundhei&#8230;<\/a><\/span><\/li>\n<li><span class=\"yt-core-attributed-string--link-inherit-color\">LongCovid-Risiko wird \u00fcbersch\u00e4tzt: <\/span><span class=\"yt-core-attributed-string--link-inherit-color\"><a class=\"yt-core-attributed-string__link yt-core-attributed-string__link--display-type yt-core-attributed-string__link--call-to-action-color\" tabindex=\"0\" href=\"https:\/\/ebm.bmj.com\/content\/early\/2023\/08\/10\/bmjebm-2023-112338\" target=\"_blank\" rel=\"nofollow noopener\">https:\/\/ebm.bmj.com\/content\/early\/202&#8230;<\/a><\/span><\/li>\n<li><span class=\"yt-core-attributed-string--link-inherit-color\">Infektionssterblichkeitsrate auf US-Bev\u00f6lkerung projiziert: <\/span><span class=\"yt-core-attributed-string--link-inherit-color\"><a class=\"yt-core-attributed-string__link yt-core-attributed-string__link--display-type yt-core-attributed-string__link--call-to-action-color\" tabindex=\"0\" href=\"https:\/\/tkp.at\/2020\/10\/06\/who-10-prozent-der-weltbevoelkerung-infiziert-letalitaet-von-corona-nur-013-prozent\/\" target=\"_blank\" rel=\"nofollow noopener\">https:\/\/tkp.at\/2020\/10\/06\/who-10-proz&#8230;<\/a><\/span><\/li>\n<li><span class=\"yt-core-attributed-string--link-inherit-color\">Infektionssterblichkeisrate (IFR) von Sars-Cov2: <\/span><span class=\"yt-core-attributed-string--link-inherit-color\"><a class=\"yt-core-attributed-string__link yt-core-attributed-string__link--display-type yt-core-attributed-string__link--call-to-action-color\" tabindex=\"0\" href=\"https:\/\/www.sciencedirect.com\/science\/article\/pii\/S001393512201982X\" target=\"_blank\" rel=\"nofollow noopener\">https:\/\/www.sciencedirect.com\/science&#8230;<\/a><\/span><\/li>\n<\/ul>\n","protected":false},"excerpt":{"rendered":"<p>Prof. Dr. Harald Matthes (Charit\u00e9) versuchte, ehrlich \u00fcber Impfsch\u00e4den aufzukl\u00e4ren, wurde aber von der Klinikleitung geknebelt, die sich \u201estaatstragend\u201d sah . Charit\u00e9 und RKI kommen beide von ihrer gr\u00e4sslichen Vergangenheit nicht los. Da ist ja sowieso schon seit erzwungener Ver\u00f6ffentlichung der (NOCH!) geschw\u00e4rzten Protokolle \u00f6ffentlich notwendig geworden, nach der Aufarbeitung (alt) eine Aufarbeitung (NEU!) durchzuf\u00fchren! [&hellip;]<\/p>\n","protected":false},"author":18,"featured_media":20137,"comment_status":"closed","ping_status":"closed","sticky":false,"template":"","format":"standard","meta":{"_acf_changed":false,"footnotes":""},"categories":[3],"class_list":["post-20136","post","type-post","status-publish","format-standard","has-post-thumbnail","hentry","category-corona"],"acf":[],"publishpress_future_action":{"enabled":false,"date":"2026-05-08 22:20:07","action":"change-status","newStatus":"draft","terms":[],"taxonomy":"category","extraData":[]},"publishpress_future_workflow_manual_trigger":{"enabledWorkflows":[]},"_links":{"self":[{"href":"https:\/\/www.aletheia-scimed.ch\/de\/wp-json\/wp\/v2\/posts\/20136","targetHints":{"allow":["GET"]}}],"collection":[{"href":"https:\/\/www.aletheia-scimed.ch\/de\/wp-json\/wp\/v2\/posts"}],"about":[{"href":"https:\/\/www.aletheia-scimed.ch\/de\/wp-json\/wp\/v2\/types\/post"}],"author":[{"embeddable":true,"href":"https:\/\/www.aletheia-scimed.ch\/de\/wp-json\/wp\/v2\/users\/18"}],"replies":[{"embeddable":true,"href":"https:\/\/www.aletheia-scimed.ch\/de\/wp-json\/wp\/v2\/comments?post=20136"}],"version-history":[{"count":4,"href":"https:\/\/www.aletheia-scimed.ch\/de\/wp-json\/wp\/v2\/posts\/20136\/revisions"}],"predecessor-version":[{"id":20143,"href":"https:\/\/www.aletheia-scimed.ch\/de\/wp-json\/wp\/v2\/posts\/20136\/revisions\/20143"}],"wp:featuredmedia":[{"embeddable":true,"href":"https:\/\/www.aletheia-scimed.ch\/de\/wp-json\/wp\/v2\/media\/20137"}],"wp:attachment":[{"href":"https:\/\/www.aletheia-scimed.ch\/de\/wp-json\/wp\/v2\/media?parent=20136"}],"wp:term":[{"taxonomy":"category","embeddable":true,"href":"https:\/\/www.aletheia-scimed.ch\/de\/wp-json\/wp\/v2\/categories?post=20136"}],"curies":[{"name":"wp","href":"https:\/\/api.w.org\/{rel}","templated":true}]}}