{"id":20220,"date":"2024-05-17T11:11:25","date_gmt":"2024-05-17T10:11:25","guid":{"rendered":"https:\/\/www.aletheia-scimed.ch\/?p=20220"},"modified":"2024-05-17T13:11:22","modified_gmt":"2024-05-17T12:11:22","slug":"vitd","status":"publish","type":"post","link":"https:\/\/www.aletheia-scimed.ch\/de\/vitd\/","title":{"rendered":"Vitamin D, das lebenswichtige Vitamin &#8211; verschwiegen wichtig f\u00fcr Covid-Prophylaxe!"},"content":{"rendered":"<p>Haben Sie auch geh\u00f6rt, Vitamin D sei unn\u00fctz oder sogar sch\u00e4dlich f\u00fcr Ihre Gesundheit, bis hin zur Behauptung, es w\u00fcrde die Entstehung von Krebs sogar beg\u00fcnstigen? Lesen Sie weiter. Beispielhaft an der Frage der Haltung dem Vitamin D gegen\u00fcber entschiedet sich, insbesondere in Bezug zu COVID-19,  ob sich eine wahrhafte Gesundheitspolitik realisieren l\u00e4sst \u2013 oder nicht. Hier geht es um die St\u00e4rkung des Immunsystems bzw. um die Verhinderung von dessen Schw\u00e4chung.<\/p>\n<p>\u2014 von PD Dr. Michael Nehls, November 2023<\/p>\n<p><a href=\"https:\/\/michael-nehls.de\/infos\/vitamin-d\/\" rel=\"noopener\" target=\"_blank\">in seinem online-Artikel zu diesem Thema<\/a> zeigt Dr. Nehls nebenbei auch auf, wie sich der BRD-Gesundheitsminister mit dieser Vitaminfrage selbst widersprach.<\/p>\n<p>Im Oktober 2021 publizierten drei deutsche Wissenschaftler die Ergebnisse einer Meta-Analyse. Das ist eine Untersuchung mit der h\u00f6chstm\u00f6glichen klinischen Relevanz. Sie fanden heraus, dass sich das Risiko, an COVID-19 zu sterben bei einem Vitamin-D-Spiegel von etwa 125 nmol\/l statistisch auf null reduziert, ein solcher Spiegel also h\u00f6chsten Eigenschutz erzeugt.[39] Dieser Wert ist auch derselbe, der den besten Fremdschutz liefert. Statistisch bedeutet hier, dass es bei diesem Vitamin-D-Spiegel nur mit gr\u00f6\u00dfter Wahrscheinlichkeit nicht zu einem Zytokinsturm kommt, denn schlie\u00dflich ist keinem Menschen ein absolutes Sterberisiko von Null verg\u00f6nnt. Aber ein statistisches Risiko von Null, an Corona zu sterben, ist mehr, als uns die Politik oder das derzeitige mRNA-Injektionsprogramm bieten kann, ganz zu schweigen davon, dass ein gesunder Vitamin-D-Spiegel auch das Risiko vieler anderer Krankheiten, die viel Leid, Kosten und letztlich viele Todesf\u00e4lle verursachen, erheblich reduzieren w\u00fcrde.<\/p>\n<p>Sein Artikel hat diese Abschnitte<br \/>\nDie zwei Faktoren des Vitamin-D Gesundheitsschutzes<\/p>\n<p>1.1 Faktor eins: Fremdschutz und die richtige Dosis<br \/>\n1.2 Faktor zwei: Eigenschutz und Zytokinsturm<br \/>\n2. Stand des Wissens<br \/>\n2.1 Das Gesetz des Minimums<br \/>\n2.2 \u00d6ffentlicher Wissensstand<br \/>\n3.1 Ist dies \u00fcberhaupt eine Impfung?<br \/>\n3.2 Eine Frage der Ethik und der Kosten<\/p>\n<p>Der Schl\u00fcssel zu einer wahrhaftigen Gesundheitspolitik<\/p>\n","protected":false},"excerpt":{"rendered":"<p>Haben Sie auch geh\u00f6rt, Vitamin D sei unn\u00fctz oder sogar sch\u00e4dlich f\u00fcr Ihre Gesundheit, bis hin zur Behauptung, es w\u00fcrde die Entstehung von Krebs sogar beg\u00fcnstigen? Lesen Sie weiter. Beispielhaft an der Frage der Haltung dem Vitamin D gegen\u00fcber entschiedet sich, insbesondere in Bezug zu COVID-19, ob sich eine wahrhafte Gesundheitspolitik realisieren l\u00e4sst \u2013 oder [&hellip;]<\/p>\n","protected":false},"author":18,"featured_media":20224,"comment_status":"closed","ping_status":"closed","sticky":false,"template":"","format":"standard","meta":{"_acf_changed":false,"footnotes":""},"categories":[122,3,31],"class_list":["post-20220","post","type-post","status-publish","format-standard","has-post-thumbnail","hentry","category-ganzheitliche-betrachtungen","category-corona","category-praeventionstherapie"],"acf":[],"publishpress_future_action":{"enabled":false,"date":"2026-05-07 08:52:00","action":"change-status","newStatus":"draft","terms":[],"taxonomy":"category","extraData":[]},"publishpress_future_workflow_manual_trigger":{"enabledWorkflows":[]},"_links":{"self":[{"href":"https:\/\/www.aletheia-scimed.ch\/de\/wp-json\/wp\/v2\/posts\/20220","targetHints":{"allow":["GET"]}}],"collection":[{"href":"https:\/\/www.aletheia-scimed.ch\/de\/wp-json\/wp\/v2\/posts"}],"about":[{"href":"https:\/\/www.aletheia-scimed.ch\/de\/wp-json\/wp\/v2\/types\/post"}],"author":[{"embeddable":true,"href":"https:\/\/www.aletheia-scimed.ch\/de\/wp-json\/wp\/v2\/users\/18"}],"replies":[{"embeddable":true,"href":"https:\/\/www.aletheia-scimed.ch\/de\/wp-json\/wp\/v2\/comments?post=20220"}],"version-history":[{"count":7,"href":"https:\/\/www.aletheia-scimed.ch\/de\/wp-json\/wp\/v2\/posts\/20220\/revisions"}],"predecessor-version":[{"id":20233,"href":"https:\/\/www.aletheia-scimed.ch\/de\/wp-json\/wp\/v2\/posts\/20220\/revisions\/20233"}],"wp:featuredmedia":[{"embeddable":true,"href":"https:\/\/www.aletheia-scimed.ch\/de\/wp-json\/wp\/v2\/media\/20224"}],"wp:attachment":[{"href":"https:\/\/www.aletheia-scimed.ch\/de\/wp-json\/wp\/v2\/media?parent=20220"}],"wp:term":[{"taxonomy":"category","embeddable":true,"href":"https:\/\/www.aletheia-scimed.ch\/de\/wp-json\/wp\/v2\/categories?post=20220"}],"curies":[{"name":"wp","href":"https:\/\/api.w.org\/{rel}","templated":true}]}}