{"id":20607,"date":"2024-08-09T10:35:52","date_gmt":"2024-08-09T09:35:52","guid":{"rendered":"https:\/\/www.aletheia-scimed.ch\/?p=20607"},"modified":"2024-08-21T12:40:16","modified_gmt":"2024-08-21T11:40:16","slug":"hvh","status":"publish","type":"post","link":"https:\/\/www.aletheia-scimed.ch\/de\/hvh\/","title":{"rendered":"Freitag, 23. August Aufmarsch f\u00fcr Andreas Heisler\u00b4s Hauptverhandlung in Hochdorf"},"content":{"rendered":"<p>Liebe ALETHEIAner, Freunde und Unterst\u00fctzer<\/p>\n<p>Am 23.08.2024 kommt es zur Hauptverhandlung gegen Andreas Heisler, der sich gegen den Vorwurf des vors\u00e4tzlichen und mehrfachen Ausstellens falscher \u00e4rztlicher Zeugnisse erwehren muss. Es wird Bezug genommen auf die Tatsache, dass sich der Arzt Andreas Heisler in seiner \u00e4rztlichen und ethischen Grundhaltung seinen Patienten gegen\u00fcber verpflichtet sah, Maskenatteste in Form von Empfehlungen zum Erhalt der eigenen Gesundheit auszustellen. Da viele \u00c4rzte in der ganzen Schweiz ihrer Verpflichtung aus Angst vor Repressalien nicht nachgekommen sind, haben sich damals sehr viele Hilfesuchende an die Rontalpraxis gewandt.<\/p>\n<p>Bezirksgericht Hochdorf, Freitag 23.August 2024, Beginn 09:00 Uhr, Strafverfahren Hauptverhandlung 2Q3 24 9<br \/>\nBellevuestrasse 6, 6280 Hochdorf \/ Richter: W\u00fcest Stefan, lic. iur., Pr\u00e4sident der 2. Abteilung<br \/>\nAn der Hauptstrasse befindet sich ein weiss-schwarzer Wegweiser \u00abBezirksgericht\u00bb (siehe Fotos und Planausschnitt im Anhang).<\/p>\n<p>An diesem Tag besteht die M\u00f6glichkeit vor Ort Pr\u00e4senz zu zeigen, um Solidarit\u00e4t und Unterst\u00fctzung f\u00fcr Andreas Heisler auszudr\u00fccken. Dadurch wird auch dokumentiert, dass friedliche und freiheitsliebende B\u00fcrger mit der Vorgehensweise der Beh\u00f6rden und der Justiz nicht einverstanden sind. Ausserdem wird verhindert, dass solche Verfahren gegen \u00c4rzte einfach unter Ausschluss einer mitbetroffenen und interessierten \u00d6ffentlichkeit durchgezogen werden. Mit dem m\u00f6glichst zahlreichen und respektvollen Erscheinen durch Euch als Unterst\u00fctzer, wird die Haltung von Andreas Heisler wertgesch\u00e4tzt und er erf\u00e4hrt in dieser wichtigen Angelegenheit R\u00fcckhalt und Anlass zur Hoffnung, dass sein Wirken nicht einfach kriminalisiert werden kann.<\/p>\n<p>Wir treffen uns mit einer m\u00f6glichst grossen Pr\u00e4senz zwischen 08:30 und 08:45 Uhr VOR dem <a href=\"https:\/\/www.kulturzentrumbraui.ch\/de\/Braui\/Kontakt\" target=\"_blank\" rel=\"noopener\">Kulturzentrum Braui<\/a>, Brauiplatz 5, 6280 Hochdorf.<\/p>\n<p><strong>Total 15 Menschen werden als Besucher an der Gerichtsverhandlung pers\u00f6nlich teilnehmen d\u00fcrfen (Beginn 09:00 Uhr). Wenn Du dabei sein m\u00f6chtest, dann unbedingt Anmeldung via E-Mail an Beat Aegler, der diese Besuchergruppe zusammenstellt und koordiniert (beat@luo.ch). Beat Aegler muss dem Gericht im Voraus die genaue Besucherzahl telefonisch melden.<br \/>\nDas Gericht bewilligt nur Einlass ins Gericht, wenn sich die Besucher mit ID, F\u00fchrerschein oder Pass ausweisen k\u00f6nnen.<\/strong><\/p>\n<p>Anfahrt mit \u00f6ffentlichem Verkehr: Haltestelle Hochdorf der Seetalbahn Luzern-Lenzburg.<br \/>\nAb Bahnhof 5 Min. Fussweg bis zum Bezirksgericht.<\/p>\n<p>Anfahrt mit Auto &#8211; Parkm\u00f6glichkeiten in n\u00e4chster N\u00e4he:<br \/>\n-Parkhaus \u201eBraui\u201c: Direkt neben dem einzigen Kreisel an der Hauptstrasse, mitten in Hochdorf. Sehr viele Pl\u00e4tze. 5 Min. Fussweg zum Bezirksgericht.<br \/>\n-Parkdeck \u00fcber den Seetalbahngeleisen: Auffahrt ab der Hauptstrasse (auf H\u00f6he Hausnummer Nr.25), 40 Pl\u00e4tze. Parkingmeter. 3 Min. Fussweg.<br \/>\n-Parkplatz an der Bankstrasse, direkt neben Hausnummer Nr.8, 22 Pl\u00e4tze. Parkingmeter. 7 Min. Fussweg.<br \/>\n-Diverse Pl\u00e4tze \u201eblaue Zone\u201c entlang der Hauptstrasse, meistens gut belegt. Fusswegzeit variabel.<\/p>\n<p>Direkt vor dem Gericht hat es nur 12 Pl\u00e4tze, die meistens gut belegt sind. Es ist nicht empfehlenswert mitten ins \u201eGet\u00fcmmel\u201c zu fahren und unseren Platz dort einzuschr\u00e4nken.<\/p>\n<p>Wir danken Euch allen von Herzen f\u00fcr Eure Kenntnisnahme und f\u00fcr Eure Pr\u00e4senz an diesem f\u00fcr uns alle herausfordernden 23. August in Hochdorf.<br \/>\nWir freuen uns darauf, Euch dort bald zahlreich zu treffen.<\/p>\n<p>F\u00fcr das Organisations-Komitee: Inge, Brigitte, Beat &amp; Robert<\/p>\n<p>Die ganze Doku &#8220;Corona-Helden: Wir vergessen Euch nicht!&#8221; (https:\/\/t.me\/auf1tv\/9458) https:\/\/t.me\/auf1tv\/9458<\/p>\n","protected":false},"excerpt":{"rendered":"<p>Liebe ALETHEIAner, Freunde und Unterst\u00fctzer Am 23.08.2024 kommt es zur Hauptverhandlung gegen Andreas Heisler, der sich gegen den Vorwurf des vors\u00e4tzlichen und mehrfachen Ausstellens falscher \u00e4rztlicher Zeugnisse erwehren muss. Es wird Bezug genommen auf die Tatsache, dass sich der Arzt Andreas Heisler in seiner \u00e4rztlichen und ethischen Grundhaltung seinen Patienten gegen\u00fcber verpflichtet sah, Maskenatteste in [&hellip;]<\/p>\n","protected":false},"author":18,"featured_media":8398,"comment_status":"closed","ping_status":"closed","sticky":false,"template":"","format":"standard","meta":{"_acf_changed":false,"footnotes":""},"categories":[3,25,38,27],"class_list":["post-20607","post","type-post","status-publish","format-standard","has-post-thumbnail","hentry","category-corona","category-massnahmen","category-oeffentlichkeitsarbeit","category-recht"],"acf":[],"publishpress_future_action":{"enabled":false,"date":"2026-05-09 12:16:05","action":"change-status","newStatus":"draft","terms":[],"taxonomy":"category","extraData":[]},"publishpress_future_workflow_manual_trigger":{"enabledWorkflows":[]},"_links":{"self":[{"href":"https:\/\/www.aletheia-scimed.ch\/de\/wp-json\/wp\/v2\/posts\/20607","targetHints":{"allow":["GET"]}}],"collection":[{"href":"https:\/\/www.aletheia-scimed.ch\/de\/wp-json\/wp\/v2\/posts"}],"about":[{"href":"https:\/\/www.aletheia-scimed.ch\/de\/wp-json\/wp\/v2\/types\/post"}],"author":[{"embeddable":true,"href":"https:\/\/www.aletheia-scimed.ch\/de\/wp-json\/wp\/v2\/users\/18"}],"replies":[{"embeddable":true,"href":"https:\/\/www.aletheia-scimed.ch\/de\/wp-json\/wp\/v2\/comments?post=20607"}],"version-history":[{"count":7,"href":"https:\/\/www.aletheia-scimed.ch\/de\/wp-json\/wp\/v2\/posts\/20607\/revisions"}],"predecessor-version":[{"id":20646,"href":"https:\/\/www.aletheia-scimed.ch\/de\/wp-json\/wp\/v2\/posts\/20607\/revisions\/20646"}],"wp:featuredmedia":[{"embeddable":true,"href":"https:\/\/www.aletheia-scimed.ch\/de\/wp-json\/wp\/v2\/media\/8398"}],"wp:attachment":[{"href":"https:\/\/www.aletheia-scimed.ch\/de\/wp-json\/wp\/v2\/media?parent=20607"}],"wp:term":[{"taxonomy":"category","embeddable":true,"href":"https:\/\/www.aletheia-scimed.ch\/de\/wp-json\/wp\/v2\/categories?post=20607"}],"curies":[{"name":"wp","href":"https:\/\/api.w.org\/{rel}","templated":true}]}}