{"id":20698,"date":"2024-08-24T17:42:04","date_gmt":"2024-08-24T16:42:04","guid":{"rendered":"https:\/\/www.aletheia-scimed.ch\/?p=20698"},"modified":"2024-08-24T22:00:16","modified_gmt":"2024-08-24T21:00:16","slug":"srf","status":"publish","type":"post","link":"https:\/\/www.aletheia-scimed.ch\/de\/srf\/","title":{"rendered":"Ombudsstelle r\u00fcgt SRF wegen fehlender Berichterstattung \u00fcber die RKI-Protokolle"},"content":{"rendered":"<p><strong>20Minuten<\/strong>: Die Berichterstattung von SRF \u00fcber die Ver\u00f6ffentlichung der geschw\u00e4rzten RKI-Protokolle wird von der Ombudsstelle als unzureichend kritisiert. Die Redaktion verteidigt ihre Entscheidung.<\/p>\n<p><strong>SRG Deutschschweiz<\/strong>:<\/p>\n<h1 class=\"article-detail__title\">SRF h\u00e4tte \u00fcber RKI-Protokolle berichten m\u00fcssen<\/h1>\n<div class=\"headline__highlight\">\n<div class=\"headline__inner headline__inner--highlight\">\n<h1 class=\"headline__title\"><strong>NZZ<\/strong>: Wegen fehlender Berichterstattung \u00fcber die Corona-Protokolle des Robert-Koch-Instituts: Ombudsstelle r\u00fcgt das SRF<\/h1>\n<\/div>\n<\/div>\n<div class=\"headline__inner\">Das Schweizer Radio und Fernsehen habe zu Unrecht auf die Berichterstattung verzichtet, so die Ombudsstelle. Die Redaktion verweist auf die Programmautonomie.<br \/>\nAls im Fr\u00fchjahr die Corona-Protokolle des deutschen Robert-Koch-Instituts (RKI) \u00f6ffentlich wurden, hat das SRF auf eine Berichterstattung verzichtet.<br \/>\nBei der Ombudsstelle von SRF gingen damals zahlreiche Beschwerden ein. Es sei unverst\u00e4ndlich, weshalb das SRF die Protokolle nicht thematisiere.<\/div>\n<div><\/div>\n<div>Immerhin wird hier das aktive Verschweigen des st\u00e4rksten Presseorgans der Schweiz einmal angegriffen von kleineren Organen.<br \/>\nWer wei\u00df, wie die Medien von den Superlogen gesteuert werden (siehe Themen-Link), versteht genau, warum sich der SRF herauszureden versucht. Jedoch hat er jetzt keine Chance mehr, der Anforderung zu entgehen.<\/div>\n<div>Die L\u00fcgenpresse ist entlarvt!<\/div>\n","protected":false},"excerpt":{"rendered":"<p>20Minuten: Die Berichterstattung von SRF \u00fcber die Ver\u00f6ffentlichung der geschw\u00e4rzten RKI-Protokolle wird von der Ombudsstelle als unzureichend kritisiert. Die Redaktion verteidigt ihre Entscheidung. SRG Deutschschweiz: SRF h\u00e4tte \u00fcber RKI-Protokolle berichten m\u00fcssen NZZ: Wegen fehlender Berichterstattung \u00fcber die Corona-Protokolle des Robert-Koch-Instituts: Ombudsstelle r\u00fcgt das SRF Das Schweizer Radio und Fernsehen habe zu Unrecht auf die Berichterstattung [&hellip;]<\/p>\n","protected":false},"author":18,"featured_media":20699,"comment_status":"closed","ping_status":"closed","sticky":false,"template":"","format":"standard","meta":{"_acf_changed":false,"footnotes":""},"categories":[3,38],"class_list":["post-20698","post","type-post","status-publish","format-standard","has-post-thumbnail","hentry","category-corona","category-oeffentlichkeitsarbeit"],"acf":[],"publishpress_future_action":{"enabled":false,"date":"2026-05-08 22:30:41","action":"change-status","newStatus":"draft","terms":[],"taxonomy":"category","extraData":[]},"publishpress_future_workflow_manual_trigger":{"enabledWorkflows":[]},"_links":{"self":[{"href":"https:\/\/www.aletheia-scimed.ch\/de\/wp-json\/wp\/v2\/posts\/20698","targetHints":{"allow":["GET"]}}],"collection":[{"href":"https:\/\/www.aletheia-scimed.ch\/de\/wp-json\/wp\/v2\/posts"}],"about":[{"href":"https:\/\/www.aletheia-scimed.ch\/de\/wp-json\/wp\/v2\/types\/post"}],"author":[{"embeddable":true,"href":"https:\/\/www.aletheia-scimed.ch\/de\/wp-json\/wp\/v2\/users\/18"}],"replies":[{"embeddable":true,"href":"https:\/\/www.aletheia-scimed.ch\/de\/wp-json\/wp\/v2\/comments?post=20698"}],"version-history":[{"count":4,"href":"https:\/\/www.aletheia-scimed.ch\/de\/wp-json\/wp\/v2\/posts\/20698\/revisions"}],"predecessor-version":[{"id":20705,"href":"https:\/\/www.aletheia-scimed.ch\/de\/wp-json\/wp\/v2\/posts\/20698\/revisions\/20705"}],"wp:featuredmedia":[{"embeddable":true,"href":"https:\/\/www.aletheia-scimed.ch\/de\/wp-json\/wp\/v2\/media\/20699"}],"wp:attachment":[{"href":"https:\/\/www.aletheia-scimed.ch\/de\/wp-json\/wp\/v2\/media?parent=20698"}],"wp:term":[{"taxonomy":"category","embeddable":true,"href":"https:\/\/www.aletheia-scimed.ch\/de\/wp-json\/wp\/v2\/categories?post=20698"}],"curies":[{"name":"wp","href":"https:\/\/api.w.org\/{rel}","templated":true}]}}