{"id":20757,"date":"2024-09-02T19:59:12","date_gmt":"2024-09-02T18:59:12","guid":{"rendered":"https:\/\/www.aletheia-scimed.ch\/?p=20757"},"modified":"2024-09-03T14:03:47","modified_gmt":"2024-09-03T13:03:47","slug":"blind","status":"publish","type":"post","link":"https:\/\/www.aletheia-scimed.ch\/de\/blind\/","title":{"rendered":"Justiz beweist ihre Unglaubw\u00fcrdigkeit schon von selbst&#8230;!"},"content":{"rendered":"<p>Wir Menschen<br \/>\nZu unserer Haupt-Klage<br \/>\nVerlahrens-N r. 2E -512022<\/p>\n<p>Urteil vom 29. August 2024 (2E_3\/2022)<br \/>\nStaatshaftungsklage wegen Corona-Massnahmen des Bundesrates abgewiesen<br \/>\nDas Bundesgericht weist die Klage von rund 10&#8217;000 Personen gegen die Eidgenossenschaft wegen angeblich widerrechtlicher, freiheitsbeschr\u00e4nkender Massnahmen des Bundesrates im Zusammenhang mit der Corona-Pandemie ab. Die Kl\u00e4ger hatten symbolischen Schadenersatz von je einem Franken gefordert.<br \/>\nDie schriftliche Begr\u00fcndung des am Donnerstag 29. August 2024 in der Hauptverhandlung gef\u00e4llten Entscheides folgt zu einem sp\u00e4teren Zeitpunkt.<br \/>\nRund 10&#8217;000 Personen gelangten 2022 mit einem Staatshaftungsbegehren an den Bundesrat. Sie machten unter anderem geltend, dass f\u00fcr die im Zusammenhang mit der Bew\u00e4ltigung der Covid-19-Epidemie erlassenen Verordnungen und Verf\u00fcgungen des Bundesrates keine Rechtsgrundlage bestanden habe.<br \/>\nDer Bundesrat lehnte das Staatshaftungsbegehren im April 2022 ab.<br \/>\nDie Betroffenen erhoben in der Folge Klage ans Bundesgericht und forderten symbolischen Schadenersatz von je einem Franken.<br \/>\nZur Begr\u00fcndung brachten sie im Wesentlichen vor, dass die vom Bundesrat getroffenen<br \/>\nMassnahmen sp\u00e4testens ab Fr\u00fchsommer 2020 rechtswidrig gewesen seien. F\u00fcr diese<br \/>\nhabe zu keinem Zeitpunkt eine ausreichende Rechtsgrundlage bestanden. Das Epidemiengesetz sei mangels des Nachweises eines gef\u00e4hrlichen Krankheitserregers und<br \/>\nohne wissenschaftlich erh\u00e4rtete Beweise f\u00fcr eine besondere Gef\u00e4hrdung der \u00f6ffentlichen Gesundheit nicht anwendbar gewesen. Zus\u00e4tzlich machten sie geltend, dass die vom Bundesrat angeordneten Massnahmen ihre Grundrechte verletzt h\u00e4tten und unverh\u00e4ltnism\u00e4ssig gewesen seien.<br \/>\nAm Donnerstag 29. August 2024 fand in Lausanne die Hauptverhandlung statt.<br \/>\nNach dem die Parteien das Wort zur Begr\u00fcndung ihrer Antr\u00e4ge erhalten hatten (Pl\u00e4doyers), zog sich das Bundesgericht zur Beratung zur\u00fcck.<br \/>\nEs verk\u00fcndete anschliessend m\u00fcndlich das Urteil und wies die Klage ab, soweit es darauf eintrat.<br \/>\nDie schriftliche Begr\u00fcndung des Urteils folgt zu einem sp\u00e4teren Zeitpunkt.<\/p>\n<p>&nbsp;<\/p>\n<p>Ja, das w\u00e4re beinahe das erste ehrliche Urteil gewesen, wenn der Klage stattgegeben worden w\u00e4re.<\/p>\n","protected":false},"excerpt":{"rendered":"<p>Wir Menschen Zu unserer Haupt-Klage Verlahrens-N r. 2E -512022 Urteil vom 29. August 2024 (2E_3\/2022) Staatshaftungsklage wegen Corona-Massnahmen des Bundesrates abgewiesen Das Bundesgericht weist die Klage von rund 10&#8217;000 Personen gegen die Eidgenossenschaft wegen angeblich widerrechtlicher, freiheitsbeschr\u00e4nkender Massnahmen des Bundesrates im Zusammenhang mit der Corona-Pandemie ab. Die Kl\u00e4ger hatten symbolischen Schadenersatz von je einem Franken [&hellip;]<\/p>\n","protected":false},"author":18,"featured_media":20759,"comment_status":"closed","ping_status":"closed","sticky":false,"template":"","format":"standard","meta":{"_acf_changed":false,"footnotes":""},"categories":[3,27],"class_list":["post-20757","post","type-post","status-publish","format-standard","has-post-thumbnail","hentry","category-corona","category-recht"],"acf":[],"publishpress_future_action":{"enabled":false,"date":"2026-05-06 12:00:09","action":"change-status","newStatus":"draft","terms":[],"taxonomy":"category","extraData":[]},"publishpress_future_workflow_manual_trigger":{"enabledWorkflows":[]},"_links":{"self":[{"href":"https:\/\/www.aletheia-scimed.ch\/de\/wp-json\/wp\/v2\/posts\/20757","targetHints":{"allow":["GET"]}}],"collection":[{"href":"https:\/\/www.aletheia-scimed.ch\/de\/wp-json\/wp\/v2\/posts"}],"about":[{"href":"https:\/\/www.aletheia-scimed.ch\/de\/wp-json\/wp\/v2\/types\/post"}],"author":[{"embeddable":true,"href":"https:\/\/www.aletheia-scimed.ch\/de\/wp-json\/wp\/v2\/users\/18"}],"replies":[{"embeddable":true,"href":"https:\/\/www.aletheia-scimed.ch\/de\/wp-json\/wp\/v2\/comments?post=20757"}],"version-history":[{"count":2,"href":"https:\/\/www.aletheia-scimed.ch\/de\/wp-json\/wp\/v2\/posts\/20757\/revisions"}],"predecessor-version":[{"id":20762,"href":"https:\/\/www.aletheia-scimed.ch\/de\/wp-json\/wp\/v2\/posts\/20757\/revisions\/20762"}],"wp:featuredmedia":[{"embeddable":true,"href":"https:\/\/www.aletheia-scimed.ch\/de\/wp-json\/wp\/v2\/media\/20759"}],"wp:attachment":[{"href":"https:\/\/www.aletheia-scimed.ch\/de\/wp-json\/wp\/v2\/media?parent=20757"}],"wp:term":[{"taxonomy":"category","embeddable":true,"href":"https:\/\/www.aletheia-scimed.ch\/de\/wp-json\/wp\/v2\/categories?post=20757"}],"curies":[{"name":"wp","href":"https:\/\/api.w.org\/{rel}","templated":true}]}}