{"id":20821,"date":"2024-09-17T08:35:50","date_gmt":"2024-09-17T07:35:50","guid":{"rendered":"https:\/\/www.aletheia-scimed.ch\/?p=20821"},"modified":"2024-09-17T08:39:15","modified_gmt":"2024-09-17T07:39:15","slug":"gg","status":"publish","type":"post","link":"https:\/\/www.aletheia-scimed.ch\/de\/gg\/","title":{"rendered":"Grundrechte und Gesundheit"},"content":{"rendered":"<h1><a href=\"https:\/\/www.grundrechte-ja.ch\" target=\"_blank\" rel=\"noopener\">www. grundrechte-ja.ch<\/a><\/h1>\n<p><u>Grundrechte und Gesundheit<\/u><\/p>\n<p>&nbsp;<\/p>\n<p>F\u00fcr ein gutes und gesundes Leben braucht es Menschenrechte, die eingehalten werden.<\/p>\n<p>Andernfalls drohen der Bev\u00f6lkerung krankmachende Umst\u00e4nde. Insofern publiziert Aletheia<\/p>\n<p>das Einstehen f\u00fcr die Grundrechte. Lesen und unterschreiben Sie die Souver\u00e4nit\u00e4ts-Initiative<\/p>\n<p>und tragen Sie damit bei zu einem \u00f6ffentlichen Diskurs.<\/p>\n","protected":false},"excerpt":{"rendered":"<p>www. grundrechte-ja.ch Grundrechte und Gesundheit &nbsp; F\u00fcr ein gutes und gesundes Leben braucht es Menschenrechte, die eingehalten werden. Andernfalls drohen der Bev\u00f6lkerung krankmachende Umst\u00e4nde. Insofern publiziert Aletheia das Einstehen f\u00fcr die Grundrechte. Lesen und unterschreiben Sie die Souver\u00e4nit\u00e4ts-Initiative und tragen Sie damit bei zu einem \u00f6ffentlichen Diskurs.<\/p>\n","protected":false},"author":18,"featured_media":20822,"comment_status":"closed","ping_status":"closed","sticky":false,"template":"","format":"standard","meta":{"_acf_changed":false,"footnotes":""},"categories":[1,28],"class_list":["post-20821","post","type-post","status-publish","format-standard","has-post-thumbnail","hentry","category-allgemein","category-gesundheit"],"acf":[],"publishpress_future_action":{"enabled":false,"date":"2026-05-06 21:18:59","action":"change-status","newStatus":"draft","terms":[],"taxonomy":"category","extraData":[]},"publishpress_future_workflow_manual_trigger":{"enabledWorkflows":[]},"_links":{"self":[{"href":"https:\/\/www.aletheia-scimed.ch\/de\/wp-json\/wp\/v2\/posts\/20821","targetHints":{"allow":["GET"]}}],"collection":[{"href":"https:\/\/www.aletheia-scimed.ch\/de\/wp-json\/wp\/v2\/posts"}],"about":[{"href":"https:\/\/www.aletheia-scimed.ch\/de\/wp-json\/wp\/v2\/types\/post"}],"author":[{"embeddable":true,"href":"https:\/\/www.aletheia-scimed.ch\/de\/wp-json\/wp\/v2\/users\/18"}],"replies":[{"embeddable":true,"href":"https:\/\/www.aletheia-scimed.ch\/de\/wp-json\/wp\/v2\/comments?post=20821"}],"version-history":[{"count":2,"href":"https:\/\/www.aletheia-scimed.ch\/de\/wp-json\/wp\/v2\/posts\/20821\/revisions"}],"predecessor-version":[{"id":20826,"href":"https:\/\/www.aletheia-scimed.ch\/de\/wp-json\/wp\/v2\/posts\/20821\/revisions\/20826"}],"wp:featuredmedia":[{"embeddable":true,"href":"https:\/\/www.aletheia-scimed.ch\/de\/wp-json\/wp\/v2\/media\/20822"}],"wp:attachment":[{"href":"https:\/\/www.aletheia-scimed.ch\/de\/wp-json\/wp\/v2\/media?parent=20821"}],"wp:term":[{"taxonomy":"category","embeddable":true,"href":"https:\/\/www.aletheia-scimed.ch\/de\/wp-json\/wp\/v2\/categories?post=20821"}],"curies":[{"name":"wp","href":"https:\/\/api.w.org\/{rel}","templated":true}]}}