{"id":21519,"date":"2025-01-04T05:01:06","date_gmt":"2025-01-04T04:01:06","guid":{"rendered":"https:\/\/www.aletheia-scimed.ch\/?p=21519"},"modified":"2025-01-04T05:01:22","modified_gmt":"2025-01-04T04:01:22","slug":"babies","status":"publish","type":"post","link":"https:\/\/www.aletheia-scimed.ch\/de\/babies\/","title":{"rendered":"Gen-Injektionen bei BABIES, genannt \u00abImpfungen\u00bb, bleiben gef\u00e4hrlich und manchmal lebensgef\u00e4hrlich"},"content":{"rendered":"<p><strong>Der Mediziner Dr. Gunter Frank und der Immunologe Dr. Kay Klapproth sprechen \u00fcber riskante Impfungen gegen Atemwegserkrankungen (RSV) und eine Baby-Studie die gestoppt wurde. Warnzeichen gab es schon lange.<\/strong><\/p>\n<p>&nbsp;<\/p>\n<p><strong>Ern\u00e4hrungs-Governance<\/strong>:\u00a0Ern\u00e4hrungsempfehlungen liegen im Trend \u2013 und \u00e4ndern sich st\u00e4ndig. Wie viele \u00c4pfel braucht es eigentlich, um gesund zu bleiben? Und wie wissenschaftlich fundiert sind die Empfehlungen f\u00fcr eine gesunde Ern\u00e4hrung wirklich?<\/p>\n<p><strong>Studienstopp bei mRNA-Impfstoff<\/strong><strong>:\u00a0Eine neue Studie zeigt besorgniserregende Ergebnisse: Babys scheinen durch die Impfung anf\u00e4lliger f\u00fcr RSV-Infektionen zu werden. Die US-Beh\u00f6rde FDA hat jetzt die Moderna-Studie gestoppt. Allerdings waren Warnzeichen schon fr\u00fcher bekannt.<\/strong><\/p>\n<p><strong>DNA-Verunreinigungen best\u00e4tigt<\/strong>:\u00a0Eine neue Studie aus Deutschland best\u00e4tigt: DNA-R\u00fcckst\u00e4nde in mRNA-Impfstoffen gelangen in menschliche Zellen und k\u00f6nnten ein unkalkulierbares Gesundheitsrisiko darstellen. Warum wird die Zulassung dieser Impfstoffe nicht sofort widerrufen?<\/p>\n<p><strong>Krise der Wissenschaft<\/strong>:\u00a0Nobelpreistr\u00e4ger wollen den designierten US-Gesundheitsminister Robert F. Kennedy Jr. verhindern. Doch woher r\u00fchrt die Ablehnung gegen\u00fcber einem Mann, der Korruption im Wissenschaftsbetrieb bek\u00e4mpfen und eine R\u00fcckkehr zur evidenzbasierten Medizin fordert?<\/p>\n<p><iframe loading=\"lazy\" title=\"mRNA-Impfung von Babys gestoppt\" width=\"500\" height=\"281\" src=\"https:\/\/www.youtube.com\/embed\/_BPWYVb7Ob8?feature=oembed\" frameborder=\"0\" allow=\"accelerometer; autoplay; clipboard-write; encrypted-media; gyroscope; picture-in-picture; web-share\" referrerpolicy=\"strict-origin-when-cross-origin\" allowfullscreen><\/iframe><\/p>\n<p>IQWiG: Kein Zusatznutzen belegt f\u00fcr Nirsevimab:<br \/>\nDas Institut f\u00fcr Qualit\u00e4t und Wirtschaftlichkeit im Gesundheitswesen (IQWiG) hat 2024 gepr\u00fcft, ob Nirsevimab bei Kindern mit Risiko eines schweren Verlaufs des RSV im Vergleich zu Palivizumab oder dem abwartenden Beobachten Vor- oder Nachteile hat.<br \/>\nF\u00fcr Kinder mit Risiko f\u00fcr einen schweren Verlauf einer RSV-Infektion kommt gew\u00f6hnlich der Antik\u00f6rper Palivizumab infrage. Dieser Antik\u00f6rper wird in der RSV-Saison monatlich gespritzt. Kann der Wirkstoff nicht eingesetzt werden, wird das Kind sorgf\u00e4ltig beobachtet (beobachtendes Abwarten), um bei ersten Symptomen fr\u00fchzeitig mit einer Behandlung beginnen zu k\u00f6nnen.<br \/>\nF\u00fcr die Kinder im 1. Lebensjahr zeigten sich keine Vor- oder Nachteile von Nirsevimab im Vergleich zu Palivizumab.<br \/>\nF\u00fcr die Bewertung des Zusatznutzens von Nirsevimab im Vergleich zur zweckm\u00e4\u00dfigen Vergleichstherapie bei Kindern w\u00e4hrend ihrer 2. RSV-Saison im Alter bis zu 24 Monaten mit Indikation zur Sekund\u00e4rprophylaxe von Infektionen der unteren Atemwege verursacht durch das RSV, bei denen Palivizumab angezeigt ist, liegen keine geeigneten Daten vor.<\/p>\n<p>Es ergibt sich kein Anhaltspunkt f\u00fcr einen Zusatznutzen von Nirsevimab gegen\u00fcber der zweckm\u00e4\u00dfigen Vergleichstherapie, ein Zusatznutzen ist damit nicht belegt.<\/p>\n<p><a href=\"https:\/\/www.gesundheitsinformation.de\/nirsevimab-beyfortus-zur-vorbeugung-einer-schweren-rsv-infektion-bei-kindern.html#Bewertung\">https:\/\/www.gesundheitsinformation.de\/nirsevimab-beyfortus-zur-vorbeugung-einer-schweren-rsv-infektion-bei-kindern.html#Bewertung<\/a><\/p>\n","protected":false},"excerpt":{"rendered":"<p>Der Mediziner Dr. Gunter Frank und der Immunologe Dr. Kay Klapproth sprechen \u00fcber riskante Impfungen gegen Atemwegserkrankungen (RSV) und eine Baby-Studie die gestoppt wurde. Warnzeichen gab es schon lange. &nbsp; Ern\u00e4hrungs-Governance:\u00a0Ern\u00e4hrungsempfehlungen liegen im Trend \u2013 und \u00e4ndern sich st\u00e4ndig. Wie viele \u00c4pfel braucht es eigentlich, um gesund zu bleiben? Und wie wissenschaftlich fundiert sind die [&hellip;]<\/p>\n","protected":false},"author":18,"featured_media":21520,"comment_status":"closed","ping_status":"closed","sticky":false,"template":"","format":"standard","meta":{"_acf_changed":false,"footnotes":""},"categories":[4,26],"class_list":["post-21519","post","type-post","status-publish","format-standard","has-post-thumbnail","hentry","category-impfung","category-kinder"],"acf":[],"publishpress_future_action":{"enabled":false,"date":"2026-05-09 11:02:04","action":"change-status","newStatus":"draft","terms":[],"taxonomy":"category","extraData":[]},"publishpress_future_workflow_manual_trigger":{"enabledWorkflows":[]},"_links":{"self":[{"href":"https:\/\/www.aletheia-scimed.ch\/de\/wp-json\/wp\/v2\/posts\/21519","targetHints":{"allow":["GET"]}}],"collection":[{"href":"https:\/\/www.aletheia-scimed.ch\/de\/wp-json\/wp\/v2\/posts"}],"about":[{"href":"https:\/\/www.aletheia-scimed.ch\/de\/wp-json\/wp\/v2\/types\/post"}],"author":[{"embeddable":true,"href":"https:\/\/www.aletheia-scimed.ch\/de\/wp-json\/wp\/v2\/users\/18"}],"replies":[{"embeddable":true,"href":"https:\/\/www.aletheia-scimed.ch\/de\/wp-json\/wp\/v2\/comments?post=21519"}],"version-history":[{"count":1,"href":"https:\/\/www.aletheia-scimed.ch\/de\/wp-json\/wp\/v2\/posts\/21519\/revisions"}],"predecessor-version":[{"id":21523,"href":"https:\/\/www.aletheia-scimed.ch\/de\/wp-json\/wp\/v2\/posts\/21519\/revisions\/21523"}],"wp:featuredmedia":[{"embeddable":true,"href":"https:\/\/www.aletheia-scimed.ch\/de\/wp-json\/wp\/v2\/media\/21520"}],"wp:attachment":[{"href":"https:\/\/www.aletheia-scimed.ch\/de\/wp-json\/wp\/v2\/media?parent=21519"}],"wp:term":[{"taxonomy":"category","embeddable":true,"href":"https:\/\/www.aletheia-scimed.ch\/de\/wp-json\/wp\/v2\/categories?post=21519"}],"curies":[{"name":"wp","href":"https:\/\/api.w.org\/{rel}","templated":true}]}}