{"id":21607,"date":"2025-01-14T06:27:54","date_gmt":"2025-01-14T05:27:54","guid":{"rendered":"https:\/\/www.aletheia-scimed.ch\/?p=21607"},"modified":"2025-02-07T09:00:06","modified_gmt":"2025-02-07T08:00:06","slug":"coronasymposium2","status":"publish","type":"post","link":"https:\/\/www.aletheia-scimed.ch\/de\/coronasymposium2\/","title":{"rendered":"2. Coronasymposium der Schweiz 3.\/4. Mai 2025 BERN"},"content":{"rendered":"<p><a href=\"https:\/\/www.symposium-2025.ch\/\">https:\/\/www.symposium-2025.ch\/<\/a><\/p>\n<p>Sehr geehrte Damen und Herren<\/p>\n<p>Seit dem <strong>1. Corona-Symposium 2024<\/strong> \u00abFakes &amp; Fakten\u00bb in Bern sind rund 8 Monate vergangen &#8211; allerh\u00f6chste Zeit f\u00fcr die n\u00e4chste Runde!<\/p>\n<p>Denn die Zielvorgabe mit dem Anlass einen substanziellen Beitrag zur <strong>Aufarbeitung<\/strong> der Coronakrise zu leisten, konnten wir in keinem der Themenbereiche erf\u00fcllen.<\/p>\n<p>Dennoch hat der Anlass eine ansehnliche Anzahl Menschen erreicht, trug vielerorts zur Sensibilisierung bei und festigte die Vernetzung.<\/p>\n<p>Aktuell laufen die Vorbereitungen zum <strong>2. Coronasymposium der Schweiz<\/strong>, welches am <strong>3.\/4. Mai 2025<\/strong> wieder in der <strong>EVENTfabrik in Bern<\/strong> stattfinden soll.<\/p>\n<p>Im Anhang finden Sie das provisorische <u>Programm<\/u> und den <u>Flyer<\/u>. Eine <strong>Anmeldung<\/strong> ist via Link auf dem Flyer oder in der Signatur m\u00f6glich.<\/p>\n<p>Unter dem Titel <strong>\u00abDie COVID-Impfkampagne \u2013 eine kritische Betrachtung\u00bb<\/strong> werden anhand der aktuellen Evidenzlage allgemeine medizinische und epidemiologische Aspekte behandelt. Besondere Beachtung kommt den Impfopfern zu, sowie dem Thema Impfung &amp; Sport und Impfung &amp; Flugverkehr. Ein zweiter Teil bietet Raum f\u00fcr kurze politische und juristische Betrachtungen, abgerundet durch ein Podium.<\/p>\n<p>Detaillierte Ausf\u00fchrungen zum <strong>Hintergrund des Symposiums<\/strong> erfahren Sie im <strong>Video \u00abEinladung an \u00c4rzte\u00bb<\/strong> (Link in der Signatur)<\/p>\n<p>Ausserdem soll dieses Jahr die <strong>kulturelle Abendveranstaltung<\/strong> nachgeholt werden. Verschiedene K\u00fcnstler, Musiker und Kabarettisten wurden angefragt. Aktuell sieht es nach einem ansprechenden Event aus.<\/p>\n<p>Am <strong>Sonntag 4. Mai <\/strong>steht die l\u00e4ngst f\u00e4llige Aufarbeitung im kirchlichen Bereich auf dem Programm.<\/p>\n<p>Freundliche Gr\u00fcsse<\/p>\n<p>Daniel Beutler<\/p>\n<p><strong>Dr. med. Daniel F. Beutler<br \/>\n<\/strong>Allgemeine Innere Medizin FMH<br \/>\nB\u00e4lliz 75<br \/>\n3600 Thun<\/p>\n<p>&nbsp;<\/p>\n","protected":false},"excerpt":{"rendered":"<p>https:\/\/www.symposium-2025.ch\/ Sehr geehrte Damen und Herren Seit dem 1. Corona-Symposium 2024 \u00abFakes &amp; Fakten\u00bb in Bern sind rund 8 Monate vergangen &#8211; allerh\u00f6chste Zeit f\u00fcr die n\u00e4chste Runde! Denn die Zielvorgabe mit dem Anlass einen substanziellen Beitrag zur Aufarbeitung der Coronakrise zu leisten, konnten wir in keinem der Themenbereiche erf\u00fcllen. Dennoch hat der Anlass eine [&hellip;]<\/p>\n","protected":false},"author":18,"featured_media":21608,"comment_status":"closed","ping_status":"closed","sticky":false,"template":"","format":"standard","meta":{"_acf_changed":false,"footnotes":""},"categories":[3,47],"class_list":["post-21607","post","type-post","status-publish","format-standard","has-post-thumbnail","hentry","category-corona","category-veranstaltungen"],"acf":[],"publishpress_future_action":{"enabled":false,"date":"2026-05-09 14:04:10","action":"change-status","newStatus":"draft","terms":[],"taxonomy":"category","extraData":[]},"publishpress_future_workflow_manual_trigger":{"enabledWorkflows":[]},"_links":{"self":[{"href":"https:\/\/www.aletheia-scimed.ch\/de\/wp-json\/wp\/v2\/posts\/21607","targetHints":{"allow":["GET"]}}],"collection":[{"href":"https:\/\/www.aletheia-scimed.ch\/de\/wp-json\/wp\/v2\/posts"}],"about":[{"href":"https:\/\/www.aletheia-scimed.ch\/de\/wp-json\/wp\/v2\/types\/post"}],"author":[{"embeddable":true,"href":"https:\/\/www.aletheia-scimed.ch\/de\/wp-json\/wp\/v2\/users\/18"}],"replies":[{"embeddable":true,"href":"https:\/\/www.aletheia-scimed.ch\/de\/wp-json\/wp\/v2\/comments?post=21607"}],"version-history":[{"count":7,"href":"https:\/\/www.aletheia-scimed.ch\/de\/wp-json\/wp\/v2\/posts\/21607\/revisions"}],"predecessor-version":[{"id":21871,"href":"https:\/\/www.aletheia-scimed.ch\/de\/wp-json\/wp\/v2\/posts\/21607\/revisions\/21871"}],"wp:featuredmedia":[{"embeddable":true,"href":"https:\/\/www.aletheia-scimed.ch\/de\/wp-json\/wp\/v2\/media\/21608"}],"wp:attachment":[{"href":"https:\/\/www.aletheia-scimed.ch\/de\/wp-json\/wp\/v2\/media?parent=21607"}],"wp:term":[{"taxonomy":"category","embeddable":true,"href":"https:\/\/www.aletheia-scimed.ch\/de\/wp-json\/wp\/v2\/categories?post=21607"}],"curies":[{"name":"wp","href":"https:\/\/api.w.org\/{rel}","templated":true}]}}