{"id":22035,"date":"2025-04-14T10:35:07","date_gmt":"2025-04-14T09:35:07","guid":{"rendered":"https:\/\/www.aletheia-scimed.ch\/?p=22035"},"modified":"2025-04-14T10:47:50","modified_gmt":"2025-04-14T09:47:50","slug":"veranstaltungen-von-vision-gesundheit-anstifter-fuer-haeuser-des-heilens","status":"publish","type":"post","link":"https:\/\/www.aletheia-scimed.ch\/de\/veranstaltungen-von-vision-gesundheit-anstifter-fuer-haeuser-des-heilens\/","title":{"rendered":"Aufbau neuer Strukturen im Gesundheitswesen, wertvolles Wissen rund um Gesundheits-Immobilien und eine Live-Veranstaltung f\u00fcr alle Nordlichter"},"content":{"rendered":"<div><strong>Veranstaltungen im April und Mai:<\/strong><\/div>\r\n<div>\r\n<p>\ud83d\uddd3\ufe0f <strong>Am Dienstag 15.04.25 um 19 Uhr<\/strong><\/p>\r\n<p>\u201e<a href=\"#Vernetzungstreffen\"><strong>Aufbau neuer Strukturen im Gesundheitswesen \u2013 was hindert uns und wie es dennoch gelingt&#8221;<\/strong><\/a> &#8211; <strong>Eure Fragen bestimmen den Abend<\/strong><\/p>\r\n<p>Du bist mit dem bestehenden Gesundheitssystem unzufrieden: als Patient, als Arzt, Therapeut oder Pflegekraft \u2026. Vielleicht hast Du schon eine Idee, um etwas Neues zu beginnen. Was hindert Dich?\u00a0<\/p>\r\n<p><strong>Einwahldaten: <\/strong>Wir nutzen hier statt Zoom eine alternative abh\u00f6rsichere Videoplattform:\u00a0<a href=\"https:\/\/296124.seu2.cleverreach.com\/c\/104522916\/ce70f938174-sujutw\">https:\/\/earth.buzzcom.net\/rooms\/rvl-hzj-tty-314\/join<\/a>\u00a0<br \/>Zugangscode: uutrdk<br \/><img loading=\"lazy\" decoding=\"async\" class=\"\" src=\"https:\/\/www.aletheia-scimed.ch\/wp-content\/uploads\/2025\/04\/Aufbau-neue-Strukturen.jpg\" width=\"304\" height=\"177\" \/><\/p>\r\n<p><br \/>\ud83d\uddd3\ufe0f <strong>Am Donnerstag 24.04.2025 um 20 Uhr<\/strong><\/p>\r\n<p><strong>&#8220;<a href=\"#Gesundheits-Immobilien\">Einen klaren Kopf,\u00a0<\/a><\/strong><strong><a href=\"#Gesundheits-Immobilien\">immer wenn es um Gesundheits-Immobilien geht<\/a>&#8221; &#8211; Ralph teilt seinen Erfahrungsschatz\u00a0<\/strong><\/p>\r\n<p>Viele Initiativen wollen als \u00c4rzte, Therapeuten und Coaches in einem Geb\u00e4ude zusammenwirken. Neben der gro\u00dfen Frage der Finanzierung (die wir an diesem Abend nicht bewegen) sind hier auch ganz viele praktische und rechtliche Fragen zu ber\u00fccksichtigen.\u00a0<\/p>\r\n<p><strong>Einwahldaten:\u00a0<\/strong> <a href=\"https:\/\/296124.seu2.cleverreach.com\/c\/104522919\/ce70f938174-sujutw\">https:\/\/eu01web.zoom.us\/j\/66726954153?pwd=qlmssLzGZLIr8TkBC53VQx3A47ZTEd.1<\/a><br \/>Meeting-ID 667 2695 4153\u00a0 \/\u00a0 Kenncode 817566<\/p>\r\n<p>&nbsp;<\/p>\r\n<p>\ud83d\uddd3\ufe0f <strong>Am Mittwoch 07.05.25 um 19 Uhr vor Ort in Hamburg<\/strong><\/p>\r\n<p>Live und pers\u00f6nlich in der Opern factory Hamburg: <a href=\"#Hamburg\"><strong>\u201eInseln eines neuen Gesundheitswesens und was das mit Dir zu tun hat\u201c\u00a0<\/strong><\/a><\/p>\r\n<p>Das jetzige Gesundheitssystem ist krank. Als niedergelassener Arzt im Kassensystem hast Du mehr mit Budgets als mit Patienten zu tun, die Pharmaindustrie bestimmt, was zu verschreiben ist und die Krankenkassen sind finanziell ausgeblutet.<\/p>\r\n<p><a href=\"https:\/\/www.vision-gesundheit.de\/termine\/inseln-neues-gesundheitswesen\/\">https:\/\/www.vision-gesundheit.de\/termine\/inseln-neues-gesundheitswesen\/<\/a><\/p>\r\n<p>&nbsp;<\/p>\r\n<p>&nbsp;<\/p>\r\n<p><strong>17. bis 19.10.2025 in SonnErden \u2013 bei Fulda<\/strong><\/p>\r\n<h1 class=\"false\">2. Symposium f\u00fcr die Gestalter eines neuen GesundheitsWESENs<\/h1>\r\n<p>Das 1. Symposium im letzten Jahr hat Zeichen gesetzt. Voller Dankbarkeit an alle, die teilgenommen und mitgewirkt haben &#8211; gemeinsam haben wir einen zukunftsweisenden Keim gesetzt. Wie passend, dass wir das 2. Symposium in <a href=\"https:\/\/296124.seu2.cleverreach.com\/c\/103600936\/f4ceb8e0174-srtovi\" target=\"_blank\" rel=\"noopener\">SonnErden<\/a> veranstalten, denn nun ist der Boden zu bereiten, dass dieser Keim w\u00e4chst. Es braucht achtsame Organisationen und mutige, engagierte Menschen, die mitwirken, dieses neue GesundheitsWESEN wachsen zu lassen.\u00a0<\/p>\r\n<p><strong>M\u00f6chtest Du Mitveranstalter werden<\/strong> \u2013 mit Deinem Netzwerk, Deiner Organisation oder mit Ideen und Tatkraft an der Gestaltung mitwirken? <strong>Online-Vorbereitungsmeeting am 24.02.25, 19:00 Uhr.<\/strong><br class=\"false\" \/>Anmeldung: anstifter@vision-gesundheit.de<\/p>\r\n<h2><a href=\"http:\/\/www.vision-gesundheit.de\" target=\"_blank\" rel=\"noopener\"><strong>Weitere Infos<\/strong><\/a><\/h2>\r\n<\/div>\r\n\r\n<p>&nbsp;<\/p>\r\n<h3>Wer ist die Vision Gesundheit GmbH, Deutschland?<\/h3>\r\n<p>In unserer Arbeit dreht sich alles um ein gesundes und menschliches Gesundheitswesen, das von der Gemeinschaft getragen wird. Alle, die dort arbeiten, tun dies gern und Medizin wird wieder als Heilkunst verstanden. Mit unserer Arbeit unterst\u00fctzen wir den Aufbau integrativer H\u00e4user, in denen Menschen als Einheit von K\u00f6rper, Geist und Seele gesehen werden.<br \/>Wir begleiten lokale Initiativen, die ganzheitliche Gesundheitsh\u00e4user aufbauen wollen, Praxisgr\u00fcndungen, Praxen und Praxiserweiterungen. <br \/>Im Anstifter-Impuls berichten wir Euch von gelungenen Beispielen und teilen Gedanken rund um den Aufbau und die Finanzierung von Einrichtungen sowie Visionen, wie sich unser Gesundheitswesen zum Besseren ver\u00e4ndern kann. <br \/><br \/><\/p>\r\n<p>Weitere Infos <a href=\"https:\/\/www.vision-gesundheit.de\/\">https:\/\/www.vision-gesundheit.de\/<\/a><\/p>\r\n\r\n\r\n<figure class=\"wp-block-post-featured-image\"><img loading=\"lazy\" decoding=\"async\" width=\"618\" height=\"454\" src=\"https:\/\/www.aletheia-scimed.ch\/wp-content\/uploads\/2025\/04\/Anstifter-Vision-des-Heilens.jpg\" class=\"attachment-post-thumbnail size-post-thumbnail wp-post-image\" alt=\"\" style=\"object-fit:cover;\" srcset=\"https:\/\/www.aletheia-scimed.ch\/wp-content\/uploads\/2025\/04\/Anstifter-Vision-des-Heilens.jpg 618w, https:\/\/www.aletheia-scimed.ch\/wp-content\/uploads\/2025\/04\/Anstifter-Vision-des-Heilens-300x220.jpg 300w\" sizes=\"auto, (max-width: 618px) 100vw, 618px\" \/><\/figure>","protected":false},"excerpt":{"rendered":"<p>Veranstaltungen im April und Mai: \ud83d\uddd3\ufe0f Am Dienstag 15.04.25 um 19 Uhr \u201eAufbau neuer Strukturen im Gesundheitswesen \u2013 was hindert uns und wie es dennoch gelingt&#8221; &#8211; Eure Fragen bestimmen den Abend Du bist mit dem bestehenden Gesundheitssystem unzufrieden: als Patient, als Arzt, Therapeut oder Pflegekraft \u2026. Vielleicht hast Du schon eine Idee, um etwas [&hellip;]<\/p>\n","protected":false},"author":19,"featured_media":22808,"comment_status":"closed","ping_status":"closed","sticky":false,"template":"","format":"standard","meta":{"_acf_changed":false,"footnotes":""},"categories":[44],"class_list":["post-22035","post","type-post","status-publish","format-standard","has-post-thumbnail","hentry","category-informations-veranstaltungen"],"acf":[],"publishpress_future_action":{"enabled":false,"date":"2026-05-07 09:26:40","action":"change-status","newStatus":"draft","terms":[],"taxonomy":"category","extraData":[]},"publishpress_future_workflow_manual_trigger":{"enabledWorkflows":[]},"_links":{"self":[{"href":"https:\/\/www.aletheia-scimed.ch\/de\/wp-json\/wp\/v2\/posts\/22035","targetHints":{"allow":["GET"]}}],"collection":[{"href":"https:\/\/www.aletheia-scimed.ch\/de\/wp-json\/wp\/v2\/posts"}],"about":[{"href":"https:\/\/www.aletheia-scimed.ch\/de\/wp-json\/wp\/v2\/types\/post"}],"author":[{"embeddable":true,"href":"https:\/\/www.aletheia-scimed.ch\/de\/wp-json\/wp\/v2\/users\/19"}],"replies":[{"embeddable":true,"href":"https:\/\/www.aletheia-scimed.ch\/de\/wp-json\/wp\/v2\/comments?post=22035"}],"version-history":[{"count":18,"href":"https:\/\/www.aletheia-scimed.ch\/de\/wp-json\/wp\/v2\/posts\/22035\/revisions"}],"predecessor-version":[{"id":22811,"href":"https:\/\/www.aletheia-scimed.ch\/de\/wp-json\/wp\/v2\/posts\/22035\/revisions\/22811"}],"wp:featuredmedia":[{"embeddable":true,"href":"https:\/\/www.aletheia-scimed.ch\/de\/wp-json\/wp\/v2\/media\/22808"}],"wp:attachment":[{"href":"https:\/\/www.aletheia-scimed.ch\/de\/wp-json\/wp\/v2\/media?parent=22035"}],"wp:term":[{"taxonomy":"category","embeddable":true,"href":"https:\/\/www.aletheia-scimed.ch\/de\/wp-json\/wp\/v2\/categories?post=22035"}],"curies":[{"name":"wp","href":"https:\/\/api.w.org\/{rel}","templated":true}]}}