{"id":22250,"date":"2025-02-22T12:20:30","date_gmt":"2025-02-22T11:20:30","guid":{"rendered":"https:\/\/www.aletheia-scimed.ch\/?p=22250"},"modified":"2025-02-22T12:20:32","modified_gmt":"2025-02-22T11:20:32","slug":"neues-aus-dem-aletheia-vorstand","status":"publish","type":"post","link":"https:\/\/www.aletheia-scimed.ch\/de\/neues-aus-dem-aletheia-vorstand\/","title":{"rendered":"Neues aus dem Aletheia Vorstand"},"content":{"rendered":"\n<p>Gerne begr\u00fcssen wir <strong>Theodor Grob<\/strong>, der uns seit kurzem in der Kommunikation und unseren Projekten unterst\u00fctzt. Er nimmt dem Vorstand in dieser Funktion wesentliche Aufgaben ab und wirkt als effizienter Geist der Entlastung.<\/p>\n\n\n\n<p>Die Nutzung von Social Media wollen wir erweitern, damit mehr Menschen zu den Informationen, Weiterbildungen und in die lokale Vernetzung \u00fcber die Regiogruppen gelangen k\u00f6nnen.<\/p>\n\n\n\n<p>Unerm\u00fcdlich und meist eher im Hintergrund arbeitet die <strong>Aletheia Wissenschaftsgruppe <\/strong>an der wertvollen<strong> Literatursammlung (<\/strong><a href=\"https:\/\/www.aletheia-scimed.ch\/de\/aletheia-wissenschafts-bibliothek\/\"><strong>https:\/\/www.aletheia-scimed.ch\/de\/aletheia-wissenschafts-bibliothek\/<\/strong><\/a><strong>) <\/strong>und dokumentiert viel Hintergrundwissen zu aktuellen wissenschaftlichen Themen. Auch der regelm\u00e4ssige Wissenschaftscall geh\u00f6rt dazu (siehe Veranstaltungen). Ein Dank geht an alle, die zu dieser Wissensf\u00f6rderung beitragen.<\/p>\n\n\n\n<p>Der Dringlichkeit und Notwendigkeit f\u00fcr breit abgest\u00fctzte Informationen und fundierte Weiterbildungen wollen wir mit einem verst\u00e4rkten Auftritt in den Social Media Plattformen nachkommen. So sind wir doch wieder etwas optimistischer, dass endlich kritische Inhalte ver\u00f6ffentlicht werden, bevor sie jeweils im Mistk\u00fcbel enden. Aber der Wind scheint zu drehen in diesem und auch anderen Gebieten, die vorher eher tabuisiert wurden, wenn sie nicht dem Mainstream entsprachen. Bleiben wir wachsam und kritisch im eigenen Denken.<\/p>\n\n\n\n<p>Wir sind offen f\u00fcr Ihre Anregungen f\u00fcr Themen rund um Gesundheit und Wissenschaft im Sinne von ALETHEIA, auf dem Weg zur menschenw\u00fcrdigen Medizin und Wissenschaft. Wer nach Wahrheit sucht, muss in Freiheit und Unabh\u00e4ngigkeit fragen und hinterfragen d\u00fcrfen.<\/p>\n\n\n\n<p>An dieser Stelle ein herzliches Dankesch\u00f6n an \u00fcber 14&#8217;000 Unterst\u00fctzerinnen und Unterst\u00fctzer, die sich auf der Homepage bei ALETHEIA registriert haben.<\/p>\n\n\n\n<p>Ausserdem sind auf den verschiedenen Social-Media-Kan\u00e4len \u00fcber 20&#8217;000 Menschen eingetragen, die sich f\u00fcr ALETHEIA Inhalte interessieren. Wunderbar!<\/p>\n","protected":false},"excerpt":{"rendered":"<p>Gerne begr\u00fcssen wir Theodor Grob, der uns seit kurzem in der Kommunikation und unseren Projekten unterst\u00fctzt. Er nimmt dem Vorstand in dieser Funktion wesentliche Aufgaben ab und wirkt als effizienter Geist der Entlastung. Die Nutzung von Social Media wollen wir erweitern, damit mehr Menschen zu den Informationen, Weiterbildungen und in die lokale Vernetzung \u00fcber die [&hellip;]<\/p>\n","protected":false},"author":19,"featured_media":22254,"comment_status":"closed","ping_status":"closed","sticky":false,"template":"","format":"standard","meta":{"_acf_changed":false,"footnotes":""},"categories":[1],"class_list":["post-22250","post","type-post","status-publish","format-standard","has-post-thumbnail","hentry","category-allgemein"],"acf":[],"publishpress_future_action":{"enabled":false,"date":"2026-05-08 00:19:18","action":"change-status","newStatus":"draft","terms":[],"taxonomy":"category","extraData":[]},"publishpress_future_workflow_manual_trigger":{"enabledWorkflows":[]},"_links":{"self":[{"href":"https:\/\/www.aletheia-scimed.ch\/de\/wp-json\/wp\/v2\/posts\/22250","targetHints":{"allow":["GET"]}}],"collection":[{"href":"https:\/\/www.aletheia-scimed.ch\/de\/wp-json\/wp\/v2\/posts"}],"about":[{"href":"https:\/\/www.aletheia-scimed.ch\/de\/wp-json\/wp\/v2\/types\/post"}],"author":[{"embeddable":true,"href":"https:\/\/www.aletheia-scimed.ch\/de\/wp-json\/wp\/v2\/users\/19"}],"replies":[{"embeddable":true,"href":"https:\/\/www.aletheia-scimed.ch\/de\/wp-json\/wp\/v2\/comments?post=22250"}],"version-history":[{"count":1,"href":"https:\/\/www.aletheia-scimed.ch\/de\/wp-json\/wp\/v2\/posts\/22250\/revisions"}],"predecessor-version":[{"id":22263,"href":"https:\/\/www.aletheia-scimed.ch\/de\/wp-json\/wp\/v2\/posts\/22250\/revisions\/22263"}],"wp:featuredmedia":[{"embeddable":true,"href":"https:\/\/www.aletheia-scimed.ch\/de\/wp-json\/wp\/v2\/media\/22254"}],"wp:attachment":[{"href":"https:\/\/www.aletheia-scimed.ch\/de\/wp-json\/wp\/v2\/media?parent=22250"}],"wp:term":[{"taxonomy":"category","embeddable":true,"href":"https:\/\/www.aletheia-scimed.ch\/de\/wp-json\/wp\/v2\/categories?post=22250"}],"curies":[{"name":"wp","href":"https:\/\/api.w.org\/{rel}","templated":true}]}}