{"id":22422,"date":"2025-02-25T13:32:56","date_gmt":"2025-02-25T12:32:56","guid":{"rendered":"https:\/\/www.aletheia-scimed.ch\/?p=22422"},"modified":"2025-04-13T09:07:50","modified_gmt":"2025-04-13T08:07:50","slug":"das-indoktrinierte-gehirn-mit-dr-michael-nehls","status":"publish","type":"post","link":"https:\/\/www.aletheia-scimed.ch\/de\/das-indoktrinierte-gehirn-mit-dr-michael-nehls\/","title":{"rendered":"Das indoktrinierte Gehirn mit Dr. Michael Nehls"},"content":{"rendered":"<p><strong>Freitag, 23. Mai 2025, 19:30 Uhr in Uster.<\/strong><\/p>\n<p><strong>Referent Dr. Michael Nehls.<\/strong><\/p>\n<p><strong>Befreien Sie lhren Geist <\/strong>&#8211; <strong>Sch\u00fctzen Sie lhre mentale Gesundheit!<\/strong><\/p>\n<p>In einer Zeit, in der immer mehr Menschen Probleme mit ihrer mentalen Gesundheit haben, fragt Dr. Michael Nehls, ein bekannter Molekulargenetiker, ob das wirklich nur Zufall ist.<\/p>\n<p>In seinem Vortrag \u201eDas indoktrinierte Gehirn&#8221; erkl\u00e4rt Dr. Nehls, dass es einen wichtigen Mechanismus im Gehirn gibt, der gest\u00f6rt ist und zu diesen Problemen f\u00fchrt. Er zeigt, dass es einen gezielten Angriff auf unsere F\u00e4higkeit gibt, selbstst\u00e4ndig zu denken.<\/p>\n<p>Dr. Nehls zeigt uns, wie wir diese sch\u00e4dlichen Prozesse erkennen und etwas dagegen tun k\u00f6nnen. Sein Vortrag ist ein Aufruf, unsere Menschlichkeit und Kreativit\u00e4t zu bewahren.<\/p>\n<ul>\n<li>Entdecken Sie, wie Sie lhre mentale Freiheit sch\u00fctzen.<\/li>\n<li>Lernen Sie, wie Sie sich und lhre Familie vor unsichtbaren Gefahren der modernen Welt bewahren k\u00f6nnen.<\/li>\n<li>Werden Sie Teil einer Bewegung, die die Menschlichkeit und das selbstst\u00e4ndige Denken<\/li>\n<\/ul>\n<p>Melden Sie sich jetzt an. Kommen Sie vorbei.<\/p>\n<p><strong>Freitag, 23. Mai 2025, 19:30 Uhr Vortrag ca.1,5 Stunden \u2022 Diskussion Eintritt: 40 Fr.<\/strong><\/p>\n<p><strong>Ort: Stadthofsaal, Uster<\/strong><\/p>\n<p><strong>Organisation: Ludwig Linng &amp; Elke Maier (Alethaia)<\/strong><\/p>\n<p>Anmeldung: <a href=\"https:\/\/www.ludwiglingg.ch\/drnehls\">https:\/\/www.ludwiglingg.ch\/drnehls<\/a><\/p>\n<p><a href=\"https:\/\/www.aletheia-scimed.ch\/wp-content\/uploads\/2025\/04\/20250523_Vortrag_Michael-Nehls_Uster.pdf\"><strong>Flyer zum Herunterladen<\/strong><\/a><\/p>\n","protected":false},"excerpt":{"rendered":"<p>Freitag, 23. Mai 2025, 19:30 Uhr in Uster. Referent Dr. Michael Nehls. Befreien Sie lhren Geist &#8211; Sch\u00fctzen Sie lhre mentale Gesundheit! In einer Zeit, in der immer mehr Menschen Probleme mit ihrer mentalen Gesundheit haben, fragt Dr. Michael Nehls, ein bekannter Molekulargenetiker, ob das wirklich nur Zufall ist. In seinem Vortrag \u201eDas indoktrinierte Gehirn&#8221; [&hellip;]<\/p>\n","protected":false},"author":19,"featured_media":1489,"comment_status":"closed","ping_status":"closed","sticky":false,"template":"","format":"standard","meta":{"_acf_changed":false,"footnotes":""},"categories":[47,42],"class_list":["post-22422","post","type-post","status-publish","format-standard","has-post-thumbnail","hentry","category-veranstaltungen","category-events"],"acf":[],"publishpress_future_action":{"enabled":false,"date":"2026-05-08 13:22:30","action":"change-status","newStatus":"draft","terms":[],"taxonomy":"category","extraData":[]},"publishpress_future_workflow_manual_trigger":{"enabledWorkflows":[]},"_links":{"self":[{"href":"https:\/\/www.aletheia-scimed.ch\/de\/wp-json\/wp\/v2\/posts\/22422","targetHints":{"allow":["GET"]}}],"collection":[{"href":"https:\/\/www.aletheia-scimed.ch\/de\/wp-json\/wp\/v2\/posts"}],"about":[{"href":"https:\/\/www.aletheia-scimed.ch\/de\/wp-json\/wp\/v2\/types\/post"}],"author":[{"embeddable":true,"href":"https:\/\/www.aletheia-scimed.ch\/de\/wp-json\/wp\/v2\/users\/19"}],"replies":[{"embeddable":true,"href":"https:\/\/www.aletheia-scimed.ch\/de\/wp-json\/wp\/v2\/comments?post=22422"}],"version-history":[{"count":3,"href":"https:\/\/www.aletheia-scimed.ch\/de\/wp-json\/wp\/v2\/posts\/22422\/revisions"}],"predecessor-version":[{"id":22796,"href":"https:\/\/www.aletheia-scimed.ch\/de\/wp-json\/wp\/v2\/posts\/22422\/revisions\/22796"}],"wp:featuredmedia":[{"embeddable":true,"href":"https:\/\/www.aletheia-scimed.ch\/de\/wp-json\/wp\/v2\/media\/1489"}],"wp:attachment":[{"href":"https:\/\/www.aletheia-scimed.ch\/de\/wp-json\/wp\/v2\/media?parent=22422"}],"wp:term":[{"taxonomy":"category","embeddable":true,"href":"https:\/\/www.aletheia-scimed.ch\/de\/wp-json\/wp\/v2\/categories?post=22422"}],"curies":[{"name":"wp","href":"https:\/\/api.w.org\/{rel}","templated":true}]}}