{"id":22616,"date":"2025-03-21T10:31:02","date_gmt":"2025-03-21T09:31:02","guid":{"rendered":"https:\/\/www.aletheia-scimed.ch\/?p=22616"},"modified":"2025-03-26T08:52:38","modified_gmt":"2025-03-26T07:52:38","slug":"pathophysiognomik","status":"publish","type":"post","link":"https:\/\/www.aletheia-scimed.ch\/de\/pathophysiognomik\/","title":{"rendered":"Die Pathophysiognomik \u2013  das vergessene Wissen im Spiegel unseres Gesichtes"},"content":{"rendered":"<p><strong>Die Pathophysiognomik \u2013 <\/strong><\/p>\n<p><strong>das vergessene Wissen im Spiegel unseres Gesichtes<\/strong><\/p>\n<p><strong>Stellen Sie sich vor\u2026 <\/strong><\/p>\n<p>Sie blicken in Ihr Gesicht und erkennen darin nicht nur Ihre \u00e4usseren Merkmale, sondern auch <strong>Hinweise auf Ihren Gesundheitszustand<\/strong>.<\/p>\n<p>Sie k\u00f6nnen aus Ver\u00e4nderungen, F\u00e4rbungen und Strukturen <strong>wertvolle R\u00fcckschl\u00fcsse <\/strong>auf<strong> innere St\u00f6rungen <\/strong>und <strong>m\u00f6gliche Ungleichgewichte<\/strong> im K\u00f6rper ziehen.<\/p>\n<p>Sie haben eine <strong>praktische Anwendung <\/strong>in der<strong> Fr\u00fcherkennung<\/strong> von <strong>gesundheitlichen Problemen<\/strong> und <strong>Beschwerden. <\/strong><\/p>\n<p>Sie haben ein <strong>visuelles Hilfsmittel, welches <\/strong>Sie bei der <strong>Diagnose<\/strong> und <strong>\u00dcberwachung<\/strong> von <strong>chronischen Erkrankungen unterst\u00fctzt.<\/strong><strong>\u00a0<\/strong><\/p>\n<p><strong>Wer: <\/strong><strong>\u00a0\u00a0\u00a0\u00a0\u00a0\u00a0\u00a0\u00a0\u00a0\u00a0\u00a0\u00a0\u00a0\u00a0\u00a0\u00a0\u00a0\u00a0 Michaela Lorenzi, dipl. PP CHA und zert. PA<\/strong><\/p>\n<p><strong>Wo:\u00a0\u00a0\u00a0\u00a0\u00a0\u00a0\u00a0\u00a0\u00a0\u00a0\u00a0\u00a0\u00a0\u00a0\u00a0\u00a0\u00a0\u00a0\u00a0\u00a0\u00a0\u00a0 i<\/strong><strong>n den R\u00e4umen von \u00abmitenand-f\u00fcrenand\u00bb in Hallwil, Engenb\u00fchl 130 <\/strong><\/p>\n<p><strong>Wann:\u00a0\u00a0\u00a0\u00a0\u00a0\u00a0\u00a0\u00a0\u00a0\u00a0\u00a0\u00a0\u00a0\u00a0\u00a0\u00a0\u00a0 <\/strong><strong>Freitag,\u00a0 2.Mai 2025 um 19.00 Uhr, (T\u00fcr\u00f6ffnung 18.30 Uhr)<\/strong><\/p>\n<p><strong>Warum?\u00a0\u00a0\u00a0\u00a0\u00a0\u00a0\u00a0\u00a0\u00a0\u00a0\u00a0\u00a0 <\/strong><strong>Weil wir viel mehr selbst in die Hand nehmen und uns f\u00fcr unsere Gesundheit aktiv einsetzen k\u00f6nnen !<\/strong><\/p>\n<p><strong>Organisatorin: <\/strong><strong>Ellen Brunner, Aletheia Regiogruppe Aargau<\/strong><\/p>\n<p><strong>Kosten: \u00a0\u00a0\u00a0\u00a0\u00a0\u00a0\u00a0\u00a0\u00a0\u00a0\u00a0\u00a0\u00a0\u00a0 <\/strong><strong>Energieausgleich mit K\u00e4sseli<\/strong><\/p>\n<p><strong>\u00a0<\/strong><strong>Melde dich bitte an bei ellen.brunner@aletheia-scimed.ch<\/strong>  oder 076 470 60 48<\/p>\n","protected":false},"excerpt":{"rendered":"<p>Die Pathophysiognomik \u2013 das vergessene Wissen im Spiegel unseres Gesichtes Stellen Sie sich vor\u2026 Sie blicken in Ihr Gesicht und erkennen darin nicht nur Ihre \u00e4usseren Merkmale, sondern auch Hinweise auf Ihren Gesundheitszustand. Sie k\u00f6nnen aus Ver\u00e4nderungen, F\u00e4rbungen und Strukturen wertvolle R\u00fcckschl\u00fcsse auf innere St\u00f6rungen und m\u00f6gliche Ungleichgewichte im K\u00f6rper ziehen. Sie haben eine praktische [&hellip;]<\/p>\n","protected":false},"author":18,"featured_media":22671,"comment_status":"closed","ping_status":"closed","sticky":false,"template":"","format":"standard","meta":{"_acf_changed":false,"footnotes":""},"categories":[44],"class_list":["post-22616","post","type-post","status-publish","format-standard","has-post-thumbnail","hentry","category-informations-veranstaltungen"],"acf":[],"publishpress_future_action":{"enabled":false,"date":"2026-05-09 01:23:47","action":"change-status","newStatus":"draft","terms":[],"taxonomy":"category","extraData":[]},"publishpress_future_workflow_manual_trigger":{"enabledWorkflows":[]},"_links":{"self":[{"href":"https:\/\/www.aletheia-scimed.ch\/de\/wp-json\/wp\/v2\/posts\/22616","targetHints":{"allow":["GET"]}}],"collection":[{"href":"https:\/\/www.aletheia-scimed.ch\/de\/wp-json\/wp\/v2\/posts"}],"about":[{"href":"https:\/\/www.aletheia-scimed.ch\/de\/wp-json\/wp\/v2\/types\/post"}],"author":[{"embeddable":true,"href":"https:\/\/www.aletheia-scimed.ch\/de\/wp-json\/wp\/v2\/users\/18"}],"replies":[{"embeddable":true,"href":"https:\/\/www.aletheia-scimed.ch\/de\/wp-json\/wp\/v2\/comments?post=22616"}],"version-history":[{"count":6,"href":"https:\/\/www.aletheia-scimed.ch\/de\/wp-json\/wp\/v2\/posts\/22616\/revisions"}],"predecessor-version":[{"id":22678,"href":"https:\/\/www.aletheia-scimed.ch\/de\/wp-json\/wp\/v2\/posts\/22616\/revisions\/22678"}],"wp:featuredmedia":[{"embeddable":true,"href":"https:\/\/www.aletheia-scimed.ch\/de\/wp-json\/wp\/v2\/media\/22671"}],"wp:attachment":[{"href":"https:\/\/www.aletheia-scimed.ch\/de\/wp-json\/wp\/v2\/media?parent=22616"}],"wp:term":[{"taxonomy":"category","embeddable":true,"href":"https:\/\/www.aletheia-scimed.ch\/de\/wp-json\/wp\/v2\/categories?post=22616"}],"curies":[{"name":"wp","href":"https:\/\/api.w.org\/{rel}","templated":true}]}}