{"id":22877,"date":"2025-04-17T09:19:11","date_gmt":"2025-04-17T08:19:11","guid":{"rendered":"https:\/\/www.aletheia-scimed.ch\/?p=22877"},"modified":"2025-04-17T09:44:06","modified_gmt":"2025-04-17T08:44:06","slug":"corona-das-schreckgespenst","status":"publish","type":"post","link":"https:\/\/www.aletheia-scimed.ch\/de\/corona-das-schreckgespenst\/","title":{"rendered":"Corona \u2013 Das Schreckgespenst der Jahre 2020 bis 2023. Aber war es das wirklich?"},"content":{"rendered":"<p>Der Verein <strong>Mediziner und Wissenschaftler f\u00fcr Gesundheit, Freiheit und Demokratie e.V.<\/strong> <strong>(MWGFD)<\/strong> freut sich, die Teile <strong>1\u20134 <\/strong>der aufr\u00fcttelnden Dokumentationsreihe <strong>CORONA.film<\/strong> pr\u00e4sentieren zu k\u00f6nnen. Die Verwertungsrechte f\u00fcr die Filme wurden uns dankenswerterweise vom Unterst\u00fctzer \u00fcbertragen.<\/p>\n<p><strong>Teil 1 ist ab sofort auf der Seite\u00a0<a href=\"https:\/\/coronafilm.de\/\">coronafilm.de<\/a>\u00a0verf\u00fcgbar.\u00a0<\/strong><\/p>\n<p><strong>Corona \u2013 das Schreckgespenst der Jahre 2020 bis 2023. Aber war es das wirklich?<\/strong><\/p>\n<p>Die Corona-Krise hat unsere Gesellschaft tief gespalten. Bis heute wird unser Land von ihren Auswirkungen ersch\u00fcttert. W\u00e4hrend Politik und Leitmedien eine einheitliche Erz\u00e4hlung propagierten, blieben viele Fragen unbeantwortet. Die massiven Einschr\u00e4nkungen der Grundrechte und die gravierenden Folgen der Impfkampagne werden uns noch lange besch\u00e4ftigen, sowohl medizinisch als auch juristisch. Eine Aufarbeitung, die ihrem Namen gerecht w\u00fcrde, bleibt nach wie vor aus.<\/p>\n<p>Die Dokumentationsreihe <strong>CORONA.film<\/strong> beleuchtet die Hintergr\u00fcnde dieser beispiellosen globalen Krise und stellt unbequeme Fragen: Wer profitierte von den Ma\u00dfnahmen? Welche Rolle spielten Pharmakonzerne, Regierungen und supranationale Organisationen? Und welche Einschr\u00e4nkungen k\u00f6nnten uns in Zukunft \u2013 bei der n\u00e4chsten vermeintlichen Pandemie \u2013 drohen?<\/p>\n<p>Anhand \u00f6ffentlich zug\u00e4nglicher Dokumente und Aufzeichnungen zeigen die Teile 1<strong>\u2013<\/strong>4 der Reihe <strong>CORONA.film<\/strong>, was in der \u00f6ffentlichen Debatte oft unbeachtet blieb. Dabei kommen auch Akteure zu Wort, \u00fcber deren Wirken bislang kaum ein Medium berichtete. Die Filme legen den Schluss nahe, dass die Krise k\u00fcnstlich erschaffen wurde und dass drakonische Ma\u00dfnahmen unter \u00e4hnlichen Vorw\u00e4nden auch in Zukunft unsere Freiheit bedrohen k\u00f6nnten.<\/p>\n<p>Auf der Seite\u00a0<a href=\"https:\/\/coronafilm.de\/\"><strong>coronafilm.de<\/strong><\/a>\u00a0werden die Filme im Wochenrhythmus freigeschaltet. Teil 1 ist ab sofort kostenlos verf\u00fcgbar.<\/p>\n<p>&nbsp;<\/p>\n<h2>CORONA.film 1<\/h2>\n<p>Im ersten Teil der Filmreihe beleuchtet <span class=\"caps\">MWGFD<\/span>-Mitglied Dr. Wolfgang Wodarg die Hintergr\u00fcnde der Corona-Krise und legt seine \u00dcberzeugung dar, dass die Krise gezielt inszeniert wurde. Der Film ruft die Chronologie der politischen Entscheidungen in Erinnerung und zeigt, wie bei der \u00fcberst\u00fcrzten Zulassung der <span class=\"caps\">COVID<\/span>-19-\u201eImpfstoffe\u201c gegen medizinische Standards versto\u00dfen wurde.<\/p>\n<h2>CORONA.film 2<\/h2>\n<p>Der zweite Teil thematisiert den f\u00fcr die Entwickler \u00e4u\u00dferst lukrativen Siegeszug des <span class=\"caps\">PCR<\/span>-Tests und die Datensammelwut im Gesundheitswesen. Der Film stellt den naheliegenden Zusammenhang zu der vom Weltwirtschaftsforum (<span class=\"caps\">WEF<\/span>) und seinem Vorsitzenden Klaus Schwab proklamierten \u201eVierten Industriellen Revolution\u201c her, die den Rahmen f\u00fcr eine neue Gesellschaftsordnung liefern soll.<\/p>\n<h2>CORONA.film 3<\/h2>\n<p>Teil 3 gew\u00e4hrt Einblicke in die Arbeit der Pathologen Prof. Arne Burkhardt (\u2020 2023) und Prof. Walter Lang. Ihre Obduktionsbefunde von kurz nach der Impfung Verstorbenen lieferten alarmierende Ergebnisse. Zu Wort kommen auch Hinterbliebene, au\u00dferdem Impfgesch\u00e4digte sowie \u00c4rzte und Pflegekr\u00e4fte, die der Impfkampagne kritisch gegen\u00fcberstanden.<\/p>\n<h2>CORONA.film 4<\/h2>\n<p>Im vierten Teil der <span class=\"caps\">CORONA<\/span>.FILM-Reihe geht die impfgesch\u00e4digte Pflegerin, die in Teil 3 vorgestellt wurde, vor Gericht und verklagt ihre Impf\u00e4rztin. Die Filmemacher dokumentieren au\u00dferdem anhand von Enth\u00fcllungen durch Julian Assanges Plattform \u201eWikileaks\u201c und freigeklagten Akten, wie die Corona-Krise weltweit koordiniert wurde. Dabei offenbaren sich \u00fcberraschende und weitreichende Machtstrukturen.<\/p>\n","protected":false},"excerpt":{"rendered":"<p>Der Verein Mediziner und Wissenschaftler f\u00fcr Gesundheit, Freiheit und Demokratie e.V. (MWGFD) freut sich, die Teile 1\u20134 der aufr\u00fcttelnden Dokumentationsreihe CORONA.film pr\u00e4sentieren zu k\u00f6nnen. Die Verwertungsrechte f\u00fcr die Filme wurden uns dankenswerterweise vom Unterst\u00fctzer \u00fcbertragen. Teil 1 ist ab sofort auf der Seite\u00a0coronafilm.de\u00a0verf\u00fcgbar.\u00a0 Corona \u2013 das Schreckgespenst der Jahre 2020 bis 2023. Aber war es [&hellip;]<\/p>\n","protected":false},"author":19,"featured_media":0,"comment_status":"closed","ping_status":"closed","sticky":false,"template":"","format":"standard","meta":{"_acf_changed":false,"footnotes":""},"categories":[123,126,3],"class_list":["post-22877","post","type-post","status-publish","format-standard","hentry","category-in-den-medien","category-fundgrube","category-corona"],"acf":[],"publishpress_future_action":{"enabled":false,"date":"2026-05-07 17:47:25","action":"change-status","newStatus":"draft","terms":[],"taxonomy":"category","extraData":[]},"publishpress_future_workflow_manual_trigger":{"enabledWorkflows":[]},"_links":{"self":[{"href":"https:\/\/www.aletheia-scimed.ch\/de\/wp-json\/wp\/v2\/posts\/22877","targetHints":{"allow":["GET"]}}],"collection":[{"href":"https:\/\/www.aletheia-scimed.ch\/de\/wp-json\/wp\/v2\/posts"}],"about":[{"href":"https:\/\/www.aletheia-scimed.ch\/de\/wp-json\/wp\/v2\/types\/post"}],"author":[{"embeddable":true,"href":"https:\/\/www.aletheia-scimed.ch\/de\/wp-json\/wp\/v2\/users\/19"}],"replies":[{"embeddable":true,"href":"https:\/\/www.aletheia-scimed.ch\/de\/wp-json\/wp\/v2\/comments?post=22877"}],"version-history":[{"count":2,"href":"https:\/\/www.aletheia-scimed.ch\/de\/wp-json\/wp\/v2\/posts\/22877\/revisions"}],"predecessor-version":[{"id":22886,"href":"https:\/\/www.aletheia-scimed.ch\/de\/wp-json\/wp\/v2\/posts\/22877\/revisions\/22886"}],"wp:attachment":[{"href":"https:\/\/www.aletheia-scimed.ch\/de\/wp-json\/wp\/v2\/media?parent=22877"}],"wp:term":[{"taxonomy":"category","embeddable":true,"href":"https:\/\/www.aletheia-scimed.ch\/de\/wp-json\/wp\/v2\/categories?post=22877"}],"curies":[{"name":"wp","href":"https:\/\/api.w.org\/{rel}","templated":true}]}}