{"id":22878,"date":"2025-04-17T09:32:52","date_gmt":"2025-04-17T08:32:52","guid":{"rendered":"https:\/\/www.aletheia-scimed.ch\/?p=22878"},"modified":"2025-04-17T09:38:23","modified_gmt":"2025-04-17T08:38:23","slug":"luegner","status":"publish","type":"post","link":"https:\/\/www.aletheia-scimed.ch\/de\/luegner\/","title":{"rendered":"Anerkennung der Fremdsteuerung der Wissenschaft durch die Politik bei der Eidgenossenschaft &#8211; JETZT m\u00fcssen K\u00f6pfe rollen!"},"content":{"rendered":"<p><img loading=\"lazy\" decoding=\"async\" class=\"alignnone wp-image-22879 size-full\" src=\"https:\/\/www.aletheia-scimed.ch\/wp-content\/uploads\/2025\/04\/RKI-Urkantone.jpg\" alt=\"\" width=\"1170\" height=\"613\" srcset=\"https:\/\/www.aletheia-scimed.ch\/wp-content\/uploads\/2025\/04\/RKI-Urkantone.jpg 1170w, https:\/\/www.aletheia-scimed.ch\/wp-content\/uploads\/2025\/04\/RKI-Urkantone-300x157.jpg 300w, https:\/\/www.aletheia-scimed.ch\/wp-content\/uploads\/2025\/04\/RKI-Urkantone-1024x537.jpg 1024w, https:\/\/www.aletheia-scimed.ch\/wp-content\/uploads\/2025\/04\/RKI-Urkantone-768x402.jpg 768w\" sizes=\"auto, (max-width: 1170px) 100vw, 1170px\" \/><\/p>\n<h1><strong>Zitat der Medienmitteilung des Bundes 4.4.25: <a href=\"https:\/\/www.news.admin.ch\/de\/nsb?id=105573\">https:\/\/www.news.admin.ch\/de\/nsb?id=105573<\/a>\u00a0<\/strong><\/h1>\n<p>Die im Programm von SRF unterlassene Berichterstattung \u00fcber die vom Krisenstab des deutschen Robert Koch-Instituts w\u00e4hrend der Corona-Pandemie angefertigten Protokolle (RKI-Protokolle) bildete Gegenstand einer Popularbeschwerde. Der Beschwerdef\u00fchrer r\u00fcgte, diese durch verschiedene Akteure etappenweise ver\u00f6ffentlichten Dokumente enthielten wichtige Erkenntnisse zur Handhabung der Covid-19-Pandemie und seien auch von erheblichem Interesse f\u00fcr die Schweizer Bev\u00f6lkerung. Die Mehrheit der UBI erachtete die Beschwerde als begr\u00fcndet und kam zum Schluss, dass die Nichtberichterstattung \u00fcber die in den RKI-Protokollen enthaltenen Vorg\u00e4nge, insbesondere den Umstand, dass die Wissenschaft der Politik folgte und nicht umgekehrt, programmrechtswidrig war. Sie bewirkte eine Unausgewogenheit in der Berichterstattung bez\u00fcglich der Aufarbeitung der Corona-Pandemie im relevanten Zeitraum und verletzte daher das Vielfaltsgebot. Die UBI hat die Beschwerde mit f\u00fcnf zu drei Stimmen gutgeheissen (Verfahren b. 1014).<\/p>\n<p>Ebenfalls um die Aufarbeitung der Corona-Pandemie ging es in einer weiteren Popularbeschwerde. Diese richtete sich gegen einen kurzen Beitrag der Nachrichtensendung &#8220;Tagesschau&#8221; und einen Online-Artikel von SRF vom 3. November 2024, in welchen sich der ehemalige Pr\u00e4sident der Eidgen\u00f6ssischen Kommission f\u00fcr Impffragen Christoph Berger r\u00fcckblickend kritisch zu den w\u00e4hrend der Pandemie getroffenen Massnahmen \u00e4ussert. In den Beschwerden wurde moniert, die Aussagen seien unzutreffend und die Redaktion habe diese unkritisch wiedergegeben. Die UBI kam in der Beratung jedoch zum Schluss, dass sich das Publikum zu den Aussagen Bergers aufgrund des transparenten Fokus eine eigene Meinung im Sinne des Sachgerechtigkeitsgebots hat bilden k\u00f6nnen, und wies die Beschwerde einstimmig ab (b. 1024).<\/p>\n<p>&nbsp;<\/p>\n<p>Also kann es jetzt wirklich zu Anzeigen kommen! Wer dies handhaben kann, solle es tun! Es m\u00fcssen endlich K\u00f6pfe rollen &#8211; nat\u00fcrlich nur im \u00fcbertragenen Sinne, wir sind ja alle f\u00fcr die Abschaffung der Todesstrafe!<\/p>\n","protected":false},"excerpt":{"rendered":"<p>Zitat der Medienmitteilung des Bundes 4.4.25: https:\/\/www.news.admin.ch\/de\/nsb?id=105573\u00a0 Die im Programm von SRF unterlassene Berichterstattung \u00fcber die vom Krisenstab des deutschen Robert Koch-Instituts w\u00e4hrend der Corona-Pandemie angefertigten Protokolle (RKI-Protokolle) bildete Gegenstand einer Popularbeschwerde. Der Beschwerdef\u00fchrer r\u00fcgte, diese durch verschiedene Akteure etappenweise ver\u00f6ffentlichten Dokumente enthielten wichtige Erkenntnisse zur Handhabung der Covid-19-Pandemie und seien auch von erheblichem Interesse [&hellip;]<\/p>\n","protected":false},"author":18,"featured_media":22890,"comment_status":"closed","ping_status":"closed","sticky":false,"template":"","format":"standard","meta":{"_acf_changed":false,"footnotes":""},"categories":[123,3,27],"class_list":["post-22878","post","type-post","status-publish","format-standard","has-post-thumbnail","hentry","category-in-den-medien","category-corona","category-recht"],"acf":[],"publishpress_future_action":{"enabled":false,"date":"2026-05-09 01:13:19","action":"change-status","newStatus":"draft","terms":[],"taxonomy":"category","extraData":[]},"publishpress_future_workflow_manual_trigger":{"enabledWorkflows":[]},"_links":{"self":[{"href":"https:\/\/www.aletheia-scimed.ch\/de\/wp-json\/wp\/v2\/posts\/22878","targetHints":{"allow":["GET"]}}],"collection":[{"href":"https:\/\/www.aletheia-scimed.ch\/de\/wp-json\/wp\/v2\/posts"}],"about":[{"href":"https:\/\/www.aletheia-scimed.ch\/de\/wp-json\/wp\/v2\/types\/post"}],"author":[{"embeddable":true,"href":"https:\/\/www.aletheia-scimed.ch\/de\/wp-json\/wp\/v2\/users\/18"}],"replies":[{"embeddable":true,"href":"https:\/\/www.aletheia-scimed.ch\/de\/wp-json\/wp\/v2\/comments?post=22878"}],"version-history":[{"count":3,"href":"https:\/\/www.aletheia-scimed.ch\/de\/wp-json\/wp\/v2\/posts\/22878\/revisions"}],"predecessor-version":[{"id":22889,"href":"https:\/\/www.aletheia-scimed.ch\/de\/wp-json\/wp\/v2\/posts\/22878\/revisions\/22889"}],"wp:featuredmedia":[{"embeddable":true,"href":"https:\/\/www.aletheia-scimed.ch\/de\/wp-json\/wp\/v2\/media\/22890"}],"wp:attachment":[{"href":"https:\/\/www.aletheia-scimed.ch\/de\/wp-json\/wp\/v2\/media?parent=22878"}],"wp:term":[{"taxonomy":"category","embeddable":true,"href":"https:\/\/www.aletheia-scimed.ch\/de\/wp-json\/wp\/v2\/categories?post=22878"}],"curies":[{"name":"wp","href":"https:\/\/api.w.org\/{rel}","templated":true}]}}