{"id":23167,"date":"2025-05-06T06:34:38","date_gmt":"2025-05-06T05:34:38","guid":{"rendered":"https:\/\/www.aletheia-scimed.ch\/?p=23167"},"modified":"2025-05-06T13:01:40","modified_gmt":"2025-05-06T12:01:40","slug":"vom-opfer-zur-pionierin","status":"publish","type":"post","link":"https:\/\/www.aletheia-scimed.ch\/de\/vom-opfer-zur-pionierin\/","title":{"rendered":"Vom Opfer zur Pionierin &#8211; Eine ber\u00fchrende, pers\u00f6nliche und inspirierende Geschichte von Martina Hertig"},"content":{"rendered":"<p><strong>Interview mit Martina Hertig, Hallwil, April 2025.<br \/>\n<\/strong>Pr\u00e4sidentin des neu gegr\u00fcndeten gemeinn\u00fctzigen Vereins \u201emitenand \u2013 f\u00fcrenand\u201c und dem Projekt &#8211; Ort f\u00fcr Inklusion und Gemeinschaft mit Begegnung, Kreativit\u00e4t und Therapie.<\/p>\n<p><strong>Vom Opfer zur Pionierin<\/strong><\/p>\n<p>Unfall mit 17 Jahren!<br \/>\nDa liege ich, Genickbruch. Worstcase! Nicht tot, nicht gel\u00e4hmt! Bewahrung?<br \/>\nUnfall mit 19 Jahren.<br \/>\nWieder Genickbruch! Nicht tot, nicht gel\u00e4hmt! Schicksal?<\/p>\n<p>W\u00e4hrend der Schwangerschaft war meine Mutter in der psychiatrischen Klinik, Psychopharmaka, aber nicht nur f\u00fcr sie, ebenso f\u00fcr den F\u00f6tus.<br \/>\nAufgewachsen mit psychisch kranker Mutter, w\u00e4hrend meiner Kindheit war sie 4,5 Jahre in psychiatrischen Kliniken, wir Kinder wurden bei Verwandten untergebracht und betreut.<\/p>\n<p>Krankheiten belasteten meine Kindheit immer wieder. Normalit\u00e4t ist anders&#8230;.<\/p>\n<h3><a href=\"https:\/\/www.aletheia-scimed.ch\/wp-content\/uploads\/2025\/05\/NL5_Geschichte-Martina-Hertig.pdf\"><strong>&#8230; lesen Sie die ganze Geschichte im PDF Dokument<\/strong><\/a><\/h3>\n<p>&nbsp;<\/p>\n<p>Kontakt:<br \/>\nVerein mitenand-f\u00fcrenand<\/p>\n<p>Martina Hertig<br \/>\nEngenb\u00fchl 130<br \/>\n5705 Hallwil<br \/>\n<a href=\"http:\/\/www.mit-fuer.ch\">www.mit-fuer.ch \/\u00a0<\/a><a href=\"mailto:hallo@mit-fuer.ch\">hallo@mit-fuer.ch<\/a><\/p>\n<p>&nbsp;<\/p>\n<p><strong><a href=\"https:\/\/www.srf.ch\/play\/tv\/-\/video\/-?urn=urn:srf:video:7accba0d-9f9a-48d5-9190-e9a3cf4ae3fa\">Video zur Er\u00f6ffnung Integratives Gewerbehaus in Hallwil<\/a><\/strong><\/p>\n<p><a href=\"https:\/\/youtu.be\/2wEWrYpxq8I\"><strong>Video\u00a0Inklusion Projekt Mitenand f\u00fcrenand in Hallwil<\/strong><\/a><\/p>\n<p>&nbsp;<\/p>\n<p><strong>Gold-Traeff_Eroeffnung 2025<\/strong><\/p>\n<p><img loading=\"lazy\" decoding=\"async\" class=\"\" src=\"https:\/\/www.aletheia-scimed.ch\/wp-content\/uploads\/2025\/05\/20250321_Schnappschuss_Gold-Traeff_Eroeffnung-2048x1536-1.jpg\" width=\"659\" height=\"494\" \/><\/p>\n","protected":false},"excerpt":{"rendered":"<p>Interview mit Martina Hertig, Hallwil, April 2025. Pr\u00e4sidentin des neu gegr\u00fcndeten gemeinn\u00fctzigen Vereins \u201emitenand \u2013 f\u00fcrenand\u201c und dem Projekt &#8211; Ort f\u00fcr Inklusion und Gemeinschaft mit Begegnung, Kreativit\u00e4t und Therapie. Vom Opfer zur Pionierin Unfall mit 17 Jahren! Da liege ich, Genickbruch. Worstcase! Nicht tot, nicht gel\u00e4hmt! Bewahrung? Unfall mit 19 Jahren. Wieder Genickbruch! Nicht [&hellip;]<\/p>\n","protected":false},"author":19,"featured_media":23168,"comment_status":"closed","ping_status":"closed","sticky":false,"template":"","format":"standard","meta":{"_acf_changed":false,"footnotes":""},"categories":[51],"class_list":["post-23167","post","type-post","status-publish","format-standard","has-post-thumbnail","hentry","category-menschen-und-ihre-geschichten"],"acf":[],"publishpress_future_action":{"enabled":false,"date":"2026-05-06 19:19:55","action":"change-status","newStatus":"draft","terms":[],"taxonomy":"category","extraData":[]},"publishpress_future_workflow_manual_trigger":{"enabledWorkflows":[]},"_links":{"self":[{"href":"https:\/\/www.aletheia-scimed.ch\/de\/wp-json\/wp\/v2\/posts\/23167","targetHints":{"allow":["GET"]}}],"collection":[{"href":"https:\/\/www.aletheia-scimed.ch\/de\/wp-json\/wp\/v2\/posts"}],"about":[{"href":"https:\/\/www.aletheia-scimed.ch\/de\/wp-json\/wp\/v2\/types\/post"}],"author":[{"embeddable":true,"href":"https:\/\/www.aletheia-scimed.ch\/de\/wp-json\/wp\/v2\/users\/19"}],"replies":[{"embeddable":true,"href":"https:\/\/www.aletheia-scimed.ch\/de\/wp-json\/wp\/v2\/comments?post=23167"}],"version-history":[{"count":7,"href":"https:\/\/www.aletheia-scimed.ch\/de\/wp-json\/wp\/v2\/posts\/23167\/revisions"}],"predecessor-version":[{"id":23211,"href":"https:\/\/www.aletheia-scimed.ch\/de\/wp-json\/wp\/v2\/posts\/23167\/revisions\/23211"}],"wp:featuredmedia":[{"embeddable":true,"href":"https:\/\/www.aletheia-scimed.ch\/de\/wp-json\/wp\/v2\/media\/23168"}],"wp:attachment":[{"href":"https:\/\/www.aletheia-scimed.ch\/de\/wp-json\/wp\/v2\/media?parent=23167"}],"wp:term":[{"taxonomy":"category","embeddable":true,"href":"https:\/\/www.aletheia-scimed.ch\/de\/wp-json\/wp\/v2\/categories?post=23167"}],"curies":[{"name":"wp","href":"https:\/\/api.w.org\/{rel}","templated":true}]}}