{"id":23289,"date":"2025-05-15T08:52:57","date_gmt":"2025-05-15T07:52:57","guid":{"rendered":"https:\/\/www.aletheia-scimed.ch\/?p=23289"},"modified":"2025-05-21T07:25:22","modified_gmt":"2025-05-21T06:25:22","slug":"objektivitaet-und-grenzen-der-naturwissenschaft","status":"publish","type":"post","link":"https:\/\/www.aletheia-scimed.ch\/de\/objektivitaet-und-grenzen-der-naturwissenschaft\/","title":{"rendered":"Objektivit\u00e4t und Grenzen der Naturwissenschaft &#8211; Prof. Michael Esfeld"},"content":{"rendered":"<p><strong>Aufzeichnung der Zoom-Veranstaltung mit dem Vortrag und anschliessender Diskussion vom 9. April 2025.<\/strong><\/p>\n<h3>Objektivit\u00e4t und Grenzen der Naturwissenschaft<\/h3>\n<p><a href=\"https:\/\/www.aletheia-scimed.ch\/wp-content\/uploads\/2025\/05\/Prof.-Michael-Esfeld-VortragZoom-1.-Teil_Objektivitaet-und-Granzen-der-Naturwissenschaft-9.4.2025.mp4\"><strong>Zoom Aufnahme 1. Teil: Vortrag<\/strong><\/a><\/p>\n<p><a href=\"https:\/\/www.aletheia-scimed.ch\/wp-content\/uploads\/2025\/05\/Prof.-Michael-Esfeld-VortragZoom-2.-Teil-Fragen_Antworten_Diskussion_Objektivitaet-und-Granzen-der-Naturwissenschaft-9.4.2025.mov\"><strong>Zoom-Aufnahme 2. Teil: Fragen und Diskussion<\/strong><\/a><\/p>\n<p>&nbsp;<\/p>\n<p><strong>Zum Referenten:<\/strong><\/p>\n<p>Michael Esfeld ist seit 2002 Professor f\u00fcr Philosophie an der Universit\u00e4t Lausanne. Seit 2010 ist er Mitglied der Leopoldina, der Deutschen Nationalen Akademie der Wissenschaften. 2013 erhielt er den Forschungspreis der Alexander von Humboldt-Stiftung. Seine Hauptarbeitsgebiete sind die Philosophie der Physik, die Philosophie des Geistes und insbesondere das Verh\u00e4ltnis zwischen Natur- und Geisteswissenschaften. In seinem gesamten Werk argumentiert er f\u00fcr den wissenschaftlichen Realismus in Bezug auf die Naturwissenschaften, aber gegen den Szientismus und dessen politischen Gebrauch.<\/p>\n<p>Letzte Buchver\u00f6ffentlichung auf Deutsch:<\/p>\n<p><em>Land ohne Mut. Eine Anleitung f\u00fcr die R\u00fcckkehr zu Wissenschaft und Rechtsordnung<\/em>, Berlin: Achgut 2023.<\/p>\n<p>Homepage: <a href=\"http:\/\/www.michaelesfeld.com\">www.michaelesfeld.com<\/a><\/p>\n<p>&nbsp;<\/p>\n<p>&nbsp;<\/p>\n<p><strong>R\u00fcckmeldung eines teilnehmenden Arztes zur weiterf\u00fchrenden und vertiefenden Diskussion f\u00fcr einen weiteren Beitrag und Austausch:<\/strong><\/p>\n<p>K\u00f6nnten Sie sich vorstellen die Diskussion \u00fcber die \u201eObjektivit\u00e4t und die Grenzen der Naturwissenschaft\u201c mit einem weiteren Beitrag fortzuf\u00fchren? Das erg\u00e4nzende Thema was sich nach unserem Diskurs aufdr\u00e4ngt w\u00e4re \u201e<strong>die Bedeutung des Subjekts in der Naturwissenschaft<\/strong>\u201c.<\/p>\n<p>Mit der Quantenphysik tauchte das Subjekt nach dem Siegeszug der newtonschen Mechanik und der Vorstellung der Welt als komplizierte Maschine ja erstmals wieder in der Naturwissenschaft auf. Alle Versuche dieses Subjekt wieder zu verbannen (z.B. D. Dannett) sind nicht sehr \u00fcberzeugend. Nachdem Francis Crick 1994 \u201eBewusstsein\u201c durch eine Publikation in der Wissenschaftswelt hoff\u00e4hig gemacht hatte, kam 1995 mit Chalmers \u201ehard problem of consciousness\u201c eine philosophische Replik. Durch die technische Entwicklung der funktionellen MRT (fMRI) (Karl Friston) bekam das Forschungsgebiet der \u00a0\u201eBewusstseinswissenschft\u201c weiteren Aufwind, welches sich seitdem exponentiell entwickelt.<\/p>\n<p>Mit Thomas Nagels Buch \u201eGeist und Kosmos\u201c von 2012, in dem er seinen Aufsatz &#8220;What is it like to be a bat?\u201c von 1974 elaboriert und einen \u201ementalen Realismus\u201c formuliert wurde die Kontroverse zwischen dem materialistischen und idealistischen Monismus weiter angeheizt.<\/p>\n<p>F\u00fcr mich als Arzt steht die Frage im Raum, ob wir uns in der Wissenschaft aktuell in einem \u201eParadigmenwechsel\u201c (T. Kuhn) befinden? und ob die gesellschftliche Krise die Geburtswehen dieses Paradigmenwechsel sein k\u00f6nnten?<\/p>\n<p>Der Streit zwischen Markus Gabriel und Thomas Nagel (1) zeigt doch wie aktuell das Thema ist und dass eine dualistisch Positionen in der Nachfolge Descartes vielleicht der letzte verzweifelte Versuch ist, den Materialismus zu retten. Ich sehe hier eine beginnende Integration von materialistischer Naturwissenschaft, Philosophie und Spiritualit\u00e4t. Die &#8220;Theorie integrierter Information&#8221; (Tononi\/Koch), die \u00a0\u201eInterface Theorie of Consciousness\u201c von Donald D Hofmann, der \u201eAnalytische Idealismus\u201c (Bernardo Kastrupp) oder die Forschung des Biologen Michael Levin (Tuff University) zur Regulierung der Epigenetik durch elektrische Felder sind f\u00fcr mich nur einige Beispiele f\u00fcr diesen lebendigen Diskurs.<\/p>\n","protected":false},"excerpt":{"rendered":"<p>Aufzeichnung der Zoom-Veranstaltung mit dem Vortrag und anschliessender Diskussion vom 9. April 2025. Objektivit\u00e4t und Grenzen der Naturwissenschaft Zoom Aufnahme 1. Teil: Vortrag Zoom-Aufnahme 2. Teil: Fragen und Diskussion &nbsp; Zum Referenten: Michael Esfeld ist seit 2002 Professor f\u00fcr Philosophie an der Universit\u00e4t Lausanne. Seit 2010 ist er Mitglied der Leopoldina, der Deutschen Nationalen Akademie [&hellip;]<\/p>\n","protected":false},"author":19,"featured_media":23296,"comment_status":"closed","ping_status":"closed","sticky":false,"template":"","format":"standard","meta":{"_acf_changed":false,"footnotes":""},"categories":[126],"class_list":["post-23289","post","type-post","status-publish","format-standard","has-post-thumbnail","hentry","category-fundgrube"],"acf":[],"publishpress_future_action":{"enabled":false,"date":"2026-05-04 03:13:14","action":"change-status","newStatus":"draft","terms":[],"taxonomy":"category","extraData":[]},"publishpress_future_workflow_manual_trigger":{"enabledWorkflows":[]},"_links":{"self":[{"href":"https:\/\/www.aletheia-scimed.ch\/de\/wp-json\/wp\/v2\/posts\/23289","targetHints":{"allow":["GET"]}}],"collection":[{"href":"https:\/\/www.aletheia-scimed.ch\/de\/wp-json\/wp\/v2\/posts"}],"about":[{"href":"https:\/\/www.aletheia-scimed.ch\/de\/wp-json\/wp\/v2\/types\/post"}],"author":[{"embeddable":true,"href":"https:\/\/www.aletheia-scimed.ch\/de\/wp-json\/wp\/v2\/users\/19"}],"replies":[{"embeddable":true,"href":"https:\/\/www.aletheia-scimed.ch\/de\/wp-json\/wp\/v2\/comments?post=23289"}],"version-history":[{"count":3,"href":"https:\/\/www.aletheia-scimed.ch\/de\/wp-json\/wp\/v2\/posts\/23289\/revisions"}],"predecessor-version":[{"id":23304,"href":"https:\/\/www.aletheia-scimed.ch\/de\/wp-json\/wp\/v2\/posts\/23289\/revisions\/23304"}],"wp:featuredmedia":[{"embeddable":true,"href":"https:\/\/www.aletheia-scimed.ch\/de\/wp-json\/wp\/v2\/media\/23296"}],"wp:attachment":[{"href":"https:\/\/www.aletheia-scimed.ch\/de\/wp-json\/wp\/v2\/media?parent=23289"}],"wp:term":[{"taxonomy":"category","embeddable":true,"href":"https:\/\/www.aletheia-scimed.ch\/de\/wp-json\/wp\/v2\/categories?post=23289"}],"curies":[{"name":"wp","href":"https:\/\/api.w.org\/{rel}","templated":true}]}}