{"id":23334,"date":"2025-05-21T16:30:35","date_gmt":"2025-05-21T15:30:35","guid":{"rendered":"https:\/\/www.aletheia-scimed.ch\/?p=23334"},"modified":"2025-05-22T07:42:02","modified_gmt":"2025-05-22T06:42:02","slug":"dank-an-philipp-kruse","status":"publish","type":"post","link":"https:\/\/www.aletheia-scimed.ch\/de\/dank-an-philipp-kruse\/","title":{"rendered":"Dank an Philipp Kruse f\u00fcr seinen grossen Einsatz f\u00fcr Gerechtigkeit"},"content":{"rendered":"<p><strong>Mit grossem Verst\u00e4ndnis und herzlichem Dank bringen wir zum Ausdruck, was Philipp Kruse, Rechtsanwalt, in den letzten 5 Jahren pro-bono f\u00fcr die B\u00fcrgerInnen geleistet hat.<\/strong><\/p>\n<p>Vieles \u00fcber seine unerm\u00fcdliche juristische Arbeit zugunsten der Menschen, gesch\u00e4digte wie auch andere, konnten Sie in den Social Media Kan\u00e4len, \u00f6ffentlichen Auftritten an vielen Veranstaltungen im In- und Ausland und der Presse entnehmen.<\/p>\n<p>&nbsp;<\/p>\n<p><strong>Hier sind seine eigenen Worte von &#8220;https:\/\/web.telegram.org\/k\/#@philippkruse&#8221; zu seiner Situation und Stand der Dinge in unserem Land nochmals aufgef\u00fchrt:<\/strong><\/p>\n<p><span class=\"translatable-message\">&#8230; was mein gesch\u00e4tzter Kollege, Rechtsanwalt Wilfried Schmitz, hier sagt, kann ich nach \u00fcber 40 \u00e4usserst aufw\u00e4ndigen Gerichtsverfahren seit 2020, nach vielen 1\u2019000 Seiten wissenschaftlicher Beweisf\u00fchrung, davon ein grosser Teil f\u00fcr mRNA-Gesch\u00e4digte, zu 100% unterschreiben. <\/span><\/p>\n<p><span class=\"translatable-message\">Die Summe dieser totalen Sachverhaltsverweigerung l\u00e4uft auf eine gewollte strukturelle Rechtsbeugung hinaus, welche die betreffenden Richter zu gedanken- und gewissenlosen Handlangern eines totalit\u00e4ren und v\u00f6llig korrupten Staatswesens macht. <\/span><\/p>\n<p><span class=\"translatable-message\">Da aber die grossen Medien diese Sachverhaltsverweigerung und -Verdrehungen (systematisch und mit finanziellen Interessen) zu 100% st\u00fctzen und laufend erneuern, und weil weder B\u00fcrger noch Parlamentarier in ausreichend grosser Zahl bereit sind, dieser staatlich auferlegten L\u00fcgenmaschinerie nennenswerte Anstrengungen entgegenzusetzen, und weil auch eine Handvoll Anw\u00e4lte, \u00c4rzte und B\u00fcrgerrechtsorganisationen niemals in der Lage sein k\u00f6nnen, Systemfehler zu beheben, wird uns dieser h\u00f6chst unbefriedigende, rechtlose Zustand eines totalit\u00e4ren und auf L\u00dcGEN errichteten Staatswesens noch lange erhalten bleiben. <\/span><\/p>\n<p><span class=\"translatable-message\">In Sachen CORONA gibt es in der Schweiz bis heute keine Gewaltenteilung, keine CHECKS &amp; BALANCES, keine Korrektur der begangenen Fehler, keine \u00f6fentliche Debatte. Bravo Schweiz <img decoding=\"async\" class=\"emoji emoji-image\" src=\"https:\/\/web.telegram.org\/k\/assets\/img\/emoji\/1f44f.png\" alt=\"\ud83d\udc4f\" \/><img decoding=\"async\" class=\"emoji emoji-image\" src=\"https:\/\/web.telegram.org\/k\/assets\/img\/emoji\/1f44f.png\" alt=\"\ud83d\udc4f\" \/><img decoding=\"async\" class=\"emoji emoji-image\" src=\"https:\/\/web.telegram.org\/k\/assets\/img\/emoji\/1f44f.png\" alt=\"\ud83d\udc4f\" \/> <\/span><\/p>\n<p><span class=\"translatable-message\">Seit der WHO Generaldirektor Tedros die Corona-Pandemie ausgerufen hat, \u00fcberlassen die helvetischen Eliten und das Schweizer Volk das Denken und Entscheiden in Fragen der Gesundheit lieber dem Staat &#8211; in blindem Vertrauen. <\/span><\/p>\n<p><span class=\"translatable-message\">Nach 5 Jahren Einsatz f\u00fcr Demokratie, Grundrechte und Menschenw\u00fcrde kann ich das nicht mehr besch\u00f6nigen. Die \u00fcberwiegende Mehrheit aller Schweizerinnen und Schweizer scheint mit diesem Zustand reiner DEMOKRATIE-SIMULATION und staatlicher Bevormundung keine Probleme zu haben. <\/span><\/p>\n<p><span class=\"translatable-message\"><strong><em>Zur\u00fcck zur selbstverschuldeten UNM\u00dcNDIGKEIT <\/em><\/strong>ist heute der Trend.<\/span><\/p>\n<p><span class=\"translatable-message\"> Warum sollte ich mir also weiterhin mit aufreibender pro-bono-Aufkl\u00e4rungs- und Rechtsarbeit auf Kosten meiner Gesundheit, meiner Familie und meiner Existenz, mein Leben schwer machen?<\/span><\/p>\n<p><span class=\"translatable-message\"> Gesch\u00e4tzte Leserin, gesch\u00e4tzter Leser: Ich bitte um Verst\u00e4ndnis, wenn ich meine Eins\u00e4tze f\u00fcr (oder gegen?) die Allgemeinheit in allen Bereichen etwas zur\u00fcckfahre. <\/span><\/p>\n<p><span class=\"translatable-message\">Auch auf diesem Kanal (Telegram).<\/span><\/p>\n<p><span class=\"translatable-message\">Ich danke allen, welche ebenfalls \u201ealles versucht\u201c haben. Und herzlichen Dank all jenen, die mich auf meinem Weg unterst\u00fctzt haben! <\/span><\/p>\n<p><span class=\"translatable-message\">Freundliche Gr\u00fcsse, <\/span><span class=\"translatable-message\">Philipp Kruse<\/span><\/p>\n<p>&nbsp;<\/p>\n<p><strong>Wir von ALETHEIA sch\u00e4tzen diesen Einsatz und sind dankbar, mit einer solchen Pers\u00f6nlichkeit f\u00fcr gemeinsame Werte in der Gesellschaft zusammen gearbeitet zu haben.<\/strong><\/p>\n<p>&nbsp;<\/p>\n<p><img loading=\"lazy\" decoding=\"async\" class=\"\" src=\"https:\/\/www.aletheia-scimed.ch\/wp-content\/uploads\/2025\/05\/Philipp-Kruse1a.jpg\" width=\"132\" height=\"149\" \/><\/p>\n<p>&nbsp;<\/p>\n","protected":false},"excerpt":{"rendered":"<p>Mit grossem Verst\u00e4ndnis und herzlichem Dank bringen wir zum Ausdruck, was Philipp Kruse, Rechtsanwalt, in den letzten 5 Jahren pro-bono f\u00fcr die B\u00fcrgerInnen geleistet hat. Vieles \u00fcber seine unerm\u00fcdliche juristische Arbeit zugunsten der Menschen, gesch\u00e4digte wie auch andere, konnten Sie in den Social Media Kan\u00e4len, \u00f6ffentlichen Auftritten an vielen Veranstaltungen im In- und Ausland und [&hellip;]<\/p>\n","protected":false},"author":19,"featured_media":23339,"comment_status":"closed","ping_status":"closed","sticky":false,"template":"","format":"standard","meta":{"_acf_changed":false,"footnotes":""},"categories":[3,51,27],"class_list":["post-23334","post","type-post","status-publish","format-standard","has-post-thumbnail","hentry","category-corona","category-menschen-und-ihre-geschichten","category-recht"],"acf":[],"publishpress_future_action":{"enabled":false,"date":"2026-05-06 12:39:34","action":"change-status","newStatus":"draft","terms":[],"taxonomy":"category","extraData":[]},"publishpress_future_workflow_manual_trigger":{"enabledWorkflows":[]},"_links":{"self":[{"href":"https:\/\/www.aletheia-scimed.ch\/de\/wp-json\/wp\/v2\/posts\/23334","targetHints":{"allow":["GET"]}}],"collection":[{"href":"https:\/\/www.aletheia-scimed.ch\/de\/wp-json\/wp\/v2\/posts"}],"about":[{"href":"https:\/\/www.aletheia-scimed.ch\/de\/wp-json\/wp\/v2\/types\/post"}],"author":[{"embeddable":true,"href":"https:\/\/www.aletheia-scimed.ch\/de\/wp-json\/wp\/v2\/users\/19"}],"replies":[{"embeddable":true,"href":"https:\/\/www.aletheia-scimed.ch\/de\/wp-json\/wp\/v2\/comments?post=23334"}],"version-history":[{"count":7,"href":"https:\/\/www.aletheia-scimed.ch\/de\/wp-json\/wp\/v2\/posts\/23334\/revisions"}],"predecessor-version":[{"id":23349,"href":"https:\/\/www.aletheia-scimed.ch\/de\/wp-json\/wp\/v2\/posts\/23334\/revisions\/23349"}],"wp:featuredmedia":[{"embeddable":true,"href":"https:\/\/www.aletheia-scimed.ch\/de\/wp-json\/wp\/v2\/media\/23339"}],"wp:attachment":[{"href":"https:\/\/www.aletheia-scimed.ch\/de\/wp-json\/wp\/v2\/media?parent=23334"}],"wp:term":[{"taxonomy":"category","embeddable":true,"href":"https:\/\/www.aletheia-scimed.ch\/de\/wp-json\/wp\/v2\/categories?post=23334"}],"curies":[{"name":"wp","href":"https:\/\/api.w.org\/{rel}","templated":true}]}}