{"id":23499,"date":"2025-12-08T19:34:49","date_gmt":"2025-12-08T18:34:49","guid":{"rendered":"https:\/\/www.aletheia-scimed.ch\/?p=23499"},"modified":"2025-12-09T13:47:57","modified_gmt":"2025-12-09T12:47:57","slug":"transparenz","status":"publish","type":"post","link":"https:\/\/www.aletheia-scimed.ch\/de\/transparenz\/","title":{"rendered":"Offene E-Mails und Briefe von Dr. Oliver Christen an Institutionen, Fachstellen, Beh\u00f6rden, Staatsanwaltschaft u.a.m."},"content":{"rendered":"<h1>Neben den positiven Zielen von Aletheia sind auch <strong>Transparenz<\/strong>, Aufkl\u00e4rung und Aufarbeitung wichtig!<\/h1>\n<p>Lesen Sie <strong>kurz<\/strong> zwei wichtige Fragen dazu von Oliver Christen.<\/p>\n<p>Sehr geehrter Herr Dr. Eichenberger<br \/>\nSehr geehrter angeschriebener Experte<\/p>\n<p>Die Ombudsstelle BL hat den \u00c4rzten am 2.6.25 den Auftrag erteilt, die Evidenz zu Covid-19 zu kl\u00e4ren.<\/p>\n<p>Ich beginne mit den ersten beiden Fragen, die zu kl\u00e4ren sind:<\/p>\n<ol>\n<li>Frage:<\/li>\n<\/ol>\n<p><strong>Wie dosieren Sie bei der modRNA-LNP-Technologie (\u201eImpfung\u201c) den Wirkstoff ?<\/strong><\/p>\n<p>d.h. konkret f\u00fcr die Corona-\u201eImpfung\u201c: Welche Dosis ist n\u00f6tig f\u00fcr eine ausreichende Immunantwort und ab welcher Dosis ist mit einer \u00dcberreaktion des Immunsystems und einer Sch\u00e4digung von Organen zu rechnen?<\/p>\n<ol start=\"2\">\n<li>Frage<\/li>\n<\/ol>\n<p>Den Zulassungsstudien fehlten hinreichende pr\u00e4klinische Daten und der Verkauf der Produkte begann vor Abschluss der Zulassungsstudien. D.h. die Phase 3 der Studien wurden im Dezember 2020 ohne hinreichende Daten der Phase 1 und 2 auf die gesamte Bev\u00f6lkerung ausgeweitet.<\/p>\n<p><strong>Haben die \u00c4rzte unserer Gesellschaft Impflinge im Sinne des \u201cinformed consent\u201c dar\u00fcber hinreichend aufgekl\u00e4rt, dass sie an einer Studie teilnehmen, und dass der vorl\u00e4ufige Wirkungsnachweis z.B. f\u00fcr Comirnaty mit einer absoluten Risikoreduktion von 0,84% (NNV von 116) f\u00fcr das Verhindern allgemeiner Erk\u00e4ltungssymptome sehr schwach ist, dass hinreichende Daten f\u00fcr das Verhindern schwerer Verl\u00e4ufe, Todesf\u00e4lle oder einer Infektion fehlten, und dass bei Abbruch der Zulassungsstudie mehr Todesf\u00e4lle bei den \u201eGeimpften&#8221; verzeichnet wurden und Angaben zu m\u00f6glichen Sch\u00e4den fehlten?<\/strong><\/p>\n<p>Beenden wir alle Formen von Gewalt, \u00fcber inszenierte Pandemien bis hin zum Krieg, indem wir aufrichtig bei uns selbst hinschauen, nicht mitmachen und Stopp sagen.<\/p>\n<p>&#8212;&#8212;&#8212;&#8212;&#8212;&#8212;&#8212;&#8212;&#8212;&#8212;&#8212;&#8212;&#8212;&#8212;&#8212;<\/p>\n<p>Ich nehme den Auftrag einer Ombudsstelle ernst und hoffe auf eine konstruktive Kl\u00e4rung der ersten beiden Fragen.<\/p>\n<p>Die angeschriebenen Experten sind herzlich eingeladen sich an diesem \u00f6ffentlichen Diskurs zu beteiligen. V.a. Herrn Prof. Tanner m\u00f6chte ich bitten, die Daten zu dem Verlust an Lebensjahren (DALY) f\u00fcr Covid-19 im Vergleich zu den \u201eImpfungen\u201c beizutragen, bereinigt f\u00fcr \u201ean Covid verstorben\u201c, was 2022 in unserem Gespr\u00e4ch zusammen mit Prof. Hockertz noch fehlte.<\/p>\n<p>Beenden wir alle Formen ritualisierter Gewalt, angefangen in Missbrauchsfamilien, \u00fcber inszenierte Pandemien bis hin zum Krieg, indem wir aufrichtig bei uns selbst hinschauen, nicht mitmachen und Stopp sagen.<\/p>\n<p>Kollegiale Gr\u00fcsse<\/p>\n<p>Oliver Christen<\/p>\n<p>P.S. Dieses Mail geht eingeschrieben an die \u00c4rztegesellschaft BL, Ombudsstelle BL, Gesundheitsamt BL, Fachgruppe Psychiatrie BL, Staatsanwaltschaft BL<\/p>\n<p>achtsamkeitspraxis<br \/>\nOliver Christen, Praktischer Arzt FMH<br \/>\nFacharzt Psychiatrie und Psychotherapie FMH<br \/>\nFachpsychotherapeut Psychotraumatologie SIPT\/DIPT<\/p>\n<p>Widmannstrasse 12<br \/>\nCH-4410 Liestal<br \/>\n++41 61 544 43 88 (direkt)<br \/>\n++41 61 544 43 87 (Fax)<br \/>\n<a href=\"mailto:oliver.christen@hin.ch\">oliver.christen@hin.ch<\/a><br \/>\nachtsamkeitspraxis.ch<\/p>\n<p>ZSR: Z1407.13 GLN: 7601000679963<\/p>\n<p>&nbsp;<\/p>\n<h2><strong>Weitere Anh\u00e4nge und Dokumente zur Transparenz:<\/strong><\/h2>\n<p><a href=\"https:\/\/www.aletheia-scimed.ch\/wp-content\/uploads\/2025\/06\/Transparenz-e-Mail-Oliver-Christen-25.6.2025.pdf\">https:\/\/www.aletheia-scimed.ch\/wp-content\/uploads\/2025\/06\/Transparenz-e-Mail-Oliver-Christen-25.6.2025.pdf<\/a><\/p>\n<p><a href=\"https:\/\/www.aletheia-scimed.ch\/wp-content\/uploads\/2025\/06\/Bruecken-bauen_2025_6-SERIE-oeffentlich.pdf\">https:\/\/www.aletheia-scimed.ch\/wp-content\/uploads\/2025\/06\/Bruecken-bauen_2025_6-SERIE-oeffentlich.pdf<\/a><\/p>\n<p>&nbsp;<\/p>\n<h3><span style=\"color: #008000;\">Aktualisierung und neuester Brief per 1.12.2025<\/span><\/h3>\n<p><strong><a href=\"https:\/\/www.aletheia-scimed.ch\/wp-content\/uploads\/2025\/12\/Serienbrief-SAS-FMH-SGPP-Oberstaatsanwalt_2025_12c_oeffentlich.pdf\">https:\/\/www.aletheia-scimed.ch\/wp-content\/uploads\/2025\/12\/Serienbrief-SAS-FMH-SGPP-Oberstaatsanwalt_2025_12c_oeffentlich.pdf<\/a><\/strong><\/p>\n<h3><\/h3>\n<h3><span style=\"color: #008000;\"><strong>(1) Schriftwechsel mit Verantwortungstr\u00e4gern seit 2020:<\/strong><\/span><\/h3>\n<p><strong>Quelle:\u00a0<a href=\"https:\/\/www.wissenschaftstehtauf.ch\/0_Christen_Briefe_ab_2021_zu_Corona-Massnahmen.pdf\">https:\/\/www.wissenschaftstehtauf.ch\/0_Christen_Briefe_ab_2021_zu_Corona-Massnahmen.pdf<\/a><\/strong><\/p>\n<p>&nbsp;<\/p>\n<h3><span style=\"color: #008000;\"><strong>Schriftwechsel Dr. med. Fluvia Rota, Gesch\u00e4ftstelle SGPP \/ SSPP &#8211; Betreff: Kl\u00e4rung struktureller Kommunikationsprobleme zwischen einem Mitglied der SGPP und verschiedenen \u00e4rztlichen sowie administrativen Institutionen und psychiatrischen Kollegen (2020\u20132025):<\/strong><\/span><\/h3>\n<p><a href=\"https:\/\/www.aletheia-scimed.ch\/wp-content\/uploads\/2025\/12\/Serienbrief-SAS-FMH-SGPP-Oberstaatsanwalt_2025_12c_oeffentlich-1.pdf\"><strong>Serienbrief SAS FMH SGPP Oberstaatsanwalt_2025_12c_\u00f6ffentlich<\/strong><\/a><\/p>\n<h3><\/h3>\n<h3><span style=\"color: #008000;\">Weitere Hintergrundquellen und wo sie zu finden sind:<\/span><\/h3>\n<p><strong>Mitteillung Dr. Walter Sigrist vom 8.12.2025<\/strong><\/p>\n<p>Die Evidenz verdichtet sich, dass die \u00fcberst\u00fcrzte Zulassung der modRNA-Plattform unter Missachtung grundlegender Pharmakovigilanz-Kriterien im Rahmen von Covid-19 ein signifikanter menschlicher Zoll einfordert, obwohl die Berichte in den prestige-tr\u00e4chtigen Medizinzeitschriften das jahrelang ignorierten.<\/p>\n<p><strong>Efficacy, Immunogenicity, and Safety of Modified mRNA Influenza Vaccine:\u00a0<\/strong><a href=\"https:\/\/www.aletheialib.org\/doc\/905\"><strong>https:\/\/www.aletheialib.org\/doc\/905<\/strong><\/a><\/p>\n<p><strong>SARS-CoV-2: Impfbedingte Myokarditis k\u00f6nnte langfristige Folgen haben:\u00a0<\/strong><a href=\"https:\/\/www.aletheialib.org\/doc\/906\"><strong>https:\/\/www.aletheialib.org\/doc\/906<\/strong><\/a><\/p>\n<p><strong>Guillain-Barr\u00e9 Syndrome and vasculitis-like changes following severe acute respiratory syndrome coronavirus 2 Vaccination, chemotherapy, and Rituximab:\u00a0<\/strong><a href=\"https:\/\/www.aletheialib.org\/doc\/907\"><strong>https:\/\/www.aletheialib.org\/doc\/907<\/strong><\/a><\/p>\n<p><strong>Where have the dead gone?\u00a0<\/strong><a href=\"https:\/\/www.aletheialib.org\/doc\/908\"><strong>https:\/\/www.aletheialib.org\/doc\/908<\/strong><\/a><\/p>\n<p><strong>Undisclosed Deaths in the Pfizer mRNA COVID-19 Vaccine Trial: Will There Be Accountability?:\u00a0<\/strong><a href=\"https:\/\/www.aletheialib.org\/doc\/909\"><strong>https:\/\/www.aletheialib.org\/doc\/909<\/strong><\/a><\/p>\n<p><strong>FDA best\u00e4tigt, dass COVID-Impfstoff Kinder get\u00f6tet hat:\u00a0<\/strong><a href=\"https:\/\/www.aletheialib.org\/doc\/910\"><strong>https:\/\/www.aletheialib.org\/doc\/910<\/strong><\/a><\/p>\n<p><strong>Detection of Pfizer BioNTech Messenger RNA COVID-19 Vaccine in Human Blood, Placenta and Semen:\u00a0<\/strong><a href=\"https:\/\/www.aletheialib.org\/doc\/911\"><strong>https:\/\/www.aletheialib.org\/doc\/911<\/strong><\/a><\/p>\n<p><strong>COVID-19 vaccination and the risk of abnormal uterine bleeding: A nationwide self-controlled case series study:\u00a0<\/strong><a href=\"https:\/\/www.aletheialib.org\/doc\/912\"><strong>https:\/\/www.aletheialib.org\/doc\/912<\/strong><\/a><\/p>\n<p><strong>RNA:DNA hybrids survive digestion in mRNA vaccine manufacturing:\u00a0<\/strong><a href=\"https:\/\/www.aletheialib.org\/doc\/913\"><strong>https:\/\/www.aletheialib.org\/doc\/913<\/strong><\/a><\/p>\n<p><strong>Compound Impacts of COVID-19 mRNA Vaccination and SARS-CoV-2 Infection: A Convergence of Diverse \u201cSpikeopathies\u201d and Other Hybrid Harms:\u00a0<\/strong><a href=\"https:\/\/www.aletheialib.org\/doc\/914\"><strong>https:\/\/www.aletheialib.org\/doc\/914<\/strong><\/a><\/p>\n<p><strong>Breaking the silence: Recognizing post-vaccination syndrome:\u00a0<\/strong><a href=\"https:\/\/www.aletheialib.org\/doc\/915\"><strong>https:\/\/www.aletheialib.org\/doc\/915<\/strong><\/a><\/p>\n<p><strong>COVID-19 vaccines and autoimmune disorders: A scoping review:\u00a0<\/strong><strong><a href=\"https:\/\/www.aletheialib.org\/doc\/916\">https:\/\/www.aletheialib.org\/doc\/916<\/a><\/strong><\/p>\n<p>&nbsp;<\/p>\n<p>&nbsp;<\/p>\n<p>&nbsp;<\/p>\n<p>&nbsp;<\/p>\n","protected":false},"excerpt":{"rendered":"<p>Neben den positiven Zielen von Aletheia sind auch Transparenz, Aufkl\u00e4rung und Aufarbeitung wichtig! Lesen Sie kurz zwei wichtige Fragen dazu von Oliver Christen. Sehr geehrter Herr Dr. Eichenberger Sehr geehrter angeschriebener Experte Die Ombudsstelle BL hat den \u00c4rzten am 2.6.25 den Auftrag erteilt, die Evidenz zu Covid-19 zu kl\u00e4ren. Ich beginne mit den ersten beiden [&hellip;]<\/p>\n","protected":false},"author":18,"featured_media":23501,"comment_status":"closed","ping_status":"closed","sticky":false,"template":"","format":"standard","meta":{"_acf_changed":false,"footnotes":""},"categories":[123,126,1,4,40,3,38],"class_list":["post-23499","post","type-post","status-publish","format-standard","has-post-thumbnail","hentry","category-in-den-medien","category-fundgrube","category-allgemein","category-impfung","category-offene-briefe","category-corona","category-oeffentlichkeitsarbeit"],"acf":[],"publishpress_future_action":{"enabled":false,"date":"2026-05-04 12:11:50","action":"change-status","newStatus":"draft","terms":[],"taxonomy":"category","extraData":[]},"publishpress_future_workflow_manual_trigger":{"enabledWorkflows":[]},"_links":{"self":[{"href":"https:\/\/www.aletheia-scimed.ch\/de\/wp-json\/wp\/v2\/posts\/23499","targetHints":{"allow":["GET"]}}],"collection":[{"href":"https:\/\/www.aletheia-scimed.ch\/de\/wp-json\/wp\/v2\/posts"}],"about":[{"href":"https:\/\/www.aletheia-scimed.ch\/de\/wp-json\/wp\/v2\/types\/post"}],"author":[{"embeddable":true,"href":"https:\/\/www.aletheia-scimed.ch\/de\/wp-json\/wp\/v2\/users\/18"}],"replies":[{"embeddable":true,"href":"https:\/\/www.aletheia-scimed.ch\/de\/wp-json\/wp\/v2\/comments?post=23499"}],"version-history":[{"count":13,"href":"https:\/\/www.aletheia-scimed.ch\/de\/wp-json\/wp\/v2\/posts\/23499\/revisions"}],"predecessor-version":[{"id":25354,"href":"https:\/\/www.aletheia-scimed.ch\/de\/wp-json\/wp\/v2\/posts\/23499\/revisions\/25354"}],"wp:featuredmedia":[{"embeddable":true,"href":"https:\/\/www.aletheia-scimed.ch\/de\/wp-json\/wp\/v2\/media\/23501"}],"wp:attachment":[{"href":"https:\/\/www.aletheia-scimed.ch\/de\/wp-json\/wp\/v2\/media?parent=23499"}],"wp:term":[{"taxonomy":"category","embeddable":true,"href":"https:\/\/www.aletheia-scimed.ch\/de\/wp-json\/wp\/v2\/categories?post=23499"}],"curies":[{"name":"wp","href":"https:\/\/api.w.org\/{rel}","templated":true}]}}