{"id":24132,"date":"2025-07-31T10:14:11","date_gmt":"2025-07-31T09:14:11","guid":{"rendered":"https:\/\/www.aletheia-scimed.ch\/?p=24132"},"modified":"2025-08-02T11:59:20","modified_gmt":"2025-08-02T10:59:20","slug":"aletheia-und-die-frage-zur-krankenversicherung-2","status":"publish","type":"post","link":"https:\/\/www.aletheia-scimed.ch\/de\/aletheia-und-die-frage-zur-krankenversicherung-2\/","title":{"rendered":"ALETHEIA und die Frage zur Krankenversicherung &#8211; Dr. Bj\u00f6rn Riggenbach zeigt auf, dass es auch anders geht."},"content":{"rendered":"<h3><strong>Die Erwartung an ALETHEIA und was erwarten Sie genau?<\/strong><\/h3>\n<p>&nbsp;<\/p>\n<p><strong>Eigenverantwortung und Selbsterm\u00e4chtigung! <\/strong><\/p>\n<p><strong>Ist das etwas f\u00fcr Sie? Nicht nur im Leben, sondern auch in Bezug auf ihre Gesundheit und das Gesundheitssystem?<\/strong><\/p>\n<p>Dann d\u00fcrfen Sie die Ausf\u00fchrungen von Dr. Bj\u00f6rn Riggenbach am 29. September 2025 in Sursee nicht verpassen. Es k\u00f6nnte Auswirkungen haben auf ihre bisherigen Ansichten.<\/p>\n<p>Pr\u00fcfen Sie selbst, wir freuen uns auf den Austausch mit Ihnen.<\/p>\n<p>Ihre ALETHEIA Regiogruppe Sursee<\/p>\n<p>Anmeldung: <a href=\"mailto:sursee@aletheia-scimed.ch\"><strong>sursee@aletheia-scimed.ch<\/strong><\/a><\/p>\n<p><a href=\"https:\/\/www.aletheia-scimed.ch\/wp-content\/uploads\/2025\/08\/20250929-Artabana-Vortrag-Sursee-Flyer.jpg\"><img decoding=\"async\" src=\"https:\/\/www.aletheia-scimed.ch\/wp-content\/uploads\/2025\/08\/20250929-Artabana-Vortrag-Sursee-Flyer.jpg\" \/><\/a><\/p>\n<p>&nbsp;<\/p>\n","protected":false},"excerpt":{"rendered":"<p>Die Erwartung an ALETHEIA und was erwarten Sie genau? &nbsp; Eigenverantwortung und Selbsterm\u00e4chtigung! Ist das etwas f\u00fcr Sie? Nicht nur im Leben, sondern auch in Bezug auf ihre Gesundheit und das Gesundheitssystem? Dann d\u00fcrfen Sie die Ausf\u00fchrungen von Dr. Bj\u00f6rn Riggenbach am 29. September 2025 in Sursee nicht verpassen. Es k\u00f6nnte Auswirkungen haben auf ihre [&hellip;]<\/p>\n","protected":false},"author":19,"featured_media":24149,"comment_status":"closed","ping_status":"closed","sticky":false,"template":"","format":"standard","meta":{"_acf_changed":false,"footnotes":""},"categories":[47,42],"class_list":["post-24132","post","type-post","status-publish","format-standard","has-post-thumbnail","hentry","category-veranstaltungen","category-events"],"acf":[],"publishpress_future_action":{"enabled":false,"date":"2026-05-04 04:20:15","action":"change-status","newStatus":"draft","terms":[],"taxonomy":"category","extraData":[]},"publishpress_future_workflow_manual_trigger":{"enabledWorkflows":[]},"_links":{"self":[{"href":"https:\/\/www.aletheia-scimed.ch\/de\/wp-json\/wp\/v2\/posts\/24132","targetHints":{"allow":["GET"]}}],"collection":[{"href":"https:\/\/www.aletheia-scimed.ch\/de\/wp-json\/wp\/v2\/posts"}],"about":[{"href":"https:\/\/www.aletheia-scimed.ch\/de\/wp-json\/wp\/v2\/types\/post"}],"author":[{"embeddable":true,"href":"https:\/\/www.aletheia-scimed.ch\/de\/wp-json\/wp\/v2\/users\/19"}],"replies":[{"embeddable":true,"href":"https:\/\/www.aletheia-scimed.ch\/de\/wp-json\/wp\/v2\/comments?post=24132"}],"version-history":[{"count":3,"href":"https:\/\/www.aletheia-scimed.ch\/de\/wp-json\/wp\/v2\/posts\/24132\/revisions"}],"predecessor-version":[{"id":24156,"href":"https:\/\/www.aletheia-scimed.ch\/de\/wp-json\/wp\/v2\/posts\/24132\/revisions\/24156"}],"wp:featuredmedia":[{"embeddable":true,"href":"https:\/\/www.aletheia-scimed.ch\/de\/wp-json\/wp\/v2\/media\/24149"}],"wp:attachment":[{"href":"https:\/\/www.aletheia-scimed.ch\/de\/wp-json\/wp\/v2\/media?parent=24132"}],"wp:term":[{"taxonomy":"category","embeddable":true,"href":"https:\/\/www.aletheia-scimed.ch\/de\/wp-json\/wp\/v2\/categories?post=24132"}],"curies":[{"name":"wp","href":"https:\/\/api.w.org\/{rel}","templated":true}]}}