{"id":24867,"date":"2025-10-21T14:07:07","date_gmt":"2025-10-21T13:07:07","guid":{"rendered":"https:\/\/www.aletheia-scimed.ch\/?p=24867"},"modified":"2025-10-21T14:07:07","modified_gmt":"2025-10-21T13:07:07","slug":"aletheia-wissenschaftsdatenbank-aktualisiert","status":"publish","type":"post","link":"https:\/\/www.aletheia-scimed.ch\/de\/aletheia-wissenschaftsdatenbank-aktualisiert\/","title":{"rendered":"ALETHEIA Wissenschaftsdatenbank aktualisiert"},"content":{"rendered":"<p>Um die Studien, Analysen, Erkenntnisse, Erfahrungen, Aussagen und weiteres Recherchematerial, welche w\u00e4hrend der Gesundheits-Krise der vergangenen Jahre gesammelt werden konnten, an einem Ort der breiten \u00d6ffentlichkeit leicht zug\u00e4nglich zu machen, hat die ALETHEIA Wissenschaftsgruppe eine <strong><a href=\"https:\/\/www.aletheialib.org\/\">Online-Bibliothek<\/a><\/strong> angelegt. Diese Daten dienen der Aufarbeitung und der allgemeinen Information.<\/p>\n<p><strong>Die Wissenschaftsgruppe unter der Leitung von Dr. Walter Siegrist bem\u00fcht sich um eine laufende Aktualisierung der wertvollen Datenbank mit vielen breit abgest\u00fctzen Inhalten.<\/strong><\/p>\n<p>Die Literatursammlung von <strong><a title=\"\u201cALETHEIA Wissenschaft\u201d\" href=\"https:\/\/www.aletheia-scimed.ch\/de\/aletheia-wissenschafts-bibliothek\/\" target=\"_blank\" rel=\"noopener\">\u201cALETHEIA Wissenschaft\u201d<\/a><\/strong> ist f\u00fcr die \u00d6ffentlichkeit zug\u00e4nglich und der Direktzugriff f\u00fcr die Datenbankabfrage erfolgt \u00fcber\u00a0 <strong><a title=\"Datenbank\" href=\"https:\/\/www.aletheialib.org\/\" target=\"_blank\" rel=\"noopener\">https:\/\/www.aletheialib.org\/<\/a>\u00a0<\/strong><\/p>\n<p>&nbsp;<\/p>\n<h3><strong>Beispiele der letzten Aktualisierung:<\/strong><\/h3>\n<p style=\"margin: 0cm;\"><b><span style=\"font-size: 10.0pt; font-family: 'Helvetica Neue';\">COVID-19 Injections: Harms and Damages, a Non-Exhaustive Conclusion<\/span><\/b><\/p>\n<p style=\"margin: 0cm; font-variant-caps: normal; font-width: normal; font-size-adjust: none; font-kerning: auto; font-variant-alternates: normal; font-variant-ligatures: normal; font-variant-numeric: normal; font-variant-east-asian: normal; font-variant-position: normal; font-variant-emoji: normal; font-feature-settings: normal; font-optical-sizing: auto; font-variation-settings: normal;\"><span style=\"font-size: 10.0pt; font-family: 'Helvetica Neue';\"><a href=\"https:\/\/www.aletheialib.org\/doc\/862\"><b>https:\/\/www.aletheialib.org\/doc\/862<\/b><\/a><\/span><\/p>\n<p style=\"margin: 0cm; font-variant-caps: normal; font-width: normal; font-size-adjust: none; font-kerning: auto; font-variant-alternates: normal; font-variant-ligatures: normal; font-variant-numeric: normal; font-variant-east-asian: normal; font-variant-position: normal; font-variant-emoji: normal; font-feature-settings: normal; font-optical-sizing: auto; font-variation-settings: normal;\"><span style=\"font-size: 10.0pt; font-family: 'Helvetica Neue';\">Diese Impfstoffe sind keineswegs harmlos, sondern haben tiefgreifende Sch\u00e4den angerichtet, indem sie fast jedes System des menschlichen K\u00f6rpers gest\u00f6rt und zu einem beispiellosen Ausma\u00df an Morbidit\u00e4t und Mortalit\u00e4t beigetragen haben. Von Autoimmunerkrankungen und Herz-Kreislauf-Katastrophen bis hin zu Schwangerschaftskomplikationen und aggressiven Krebserkrankungen \u2013 das Muster der systemischen Toxizit\u00e4t kann nicht als Zufall abgetan werden. Eine dringende Untersuchung und Rechenschaftspflicht sind erforderlich.<\/span><\/p>\n<p style=\"margin: 0cm; font-variant-caps: normal; font-width: normal; font-size-adjust: none; font-kerning: auto; font-variant-alternates: normal; font-variant-ligatures: normal; font-variant-numeric: normal; font-variant-east-asian: normal; font-variant-position: normal; font-variant-emoji: normal; font-feature-settings: normal; font-optical-sizing: auto; font-variation-settings: normal; min-height: 15px;\"><span style=\"font-size: 10.0pt; font-family: 'Helvetica Neue';\">\u00a0<\/span><\/p>\n<p style=\"margin: 0cm; font-variant-caps: normal; font-width: normal; font-size-adjust: none; font-kerning: auto; font-variant-alternates: normal; font-variant-ligatures: normal; font-variant-numeric: normal; font-variant-east-asian: normal; font-variant-position: normal; font-variant-emoji: normal; font-feature-settings: normal; font-optical-sizing: auto; font-variation-settings: normal;\"><b><span style=\"font-size: 10.0pt; font-family: 'Helvetica Neue';\">COVID-19 mRNA &#8220;vaccine&#8221; harms research collection<\/span><\/b><\/p>\n<p style=\"margin: 0cm; font-variant-caps: normal; font-width: normal; font-size-adjust: none; font-kerning: auto; font-variant-alternates: normal; font-variant-ligatures: normal; font-variant-numeric: normal; font-variant-east-asian: normal; font-variant-position: normal; font-variant-emoji: normal; font-feature-settings: normal; font-optical-sizing: auto; font-variation-settings: normal;\"><span style=\"font-size: 10.0pt; font-family: 'Helvetica Neue';\"><a href=\"https:\/\/www.aletheialib.org\/doc\/882\"><b>https:\/\/www.aletheialib.org\/doc\/882<\/b><\/a><\/span><\/p>\n<p style=\"margin: 0cm; font-variant-caps: normal; font-width: normal; font-size-adjust: none; font-kerning: auto; font-variant-alternates: normal; font-variant-ligatures: normal; font-variant-numeric: normal; font-variant-east-asian: normal; font-variant-position: normal; font-variant-emoji: normal; font-feature-settings: normal; font-optical-sizing: auto; font-variation-settings: normal;\"><span style=\"font-size: 10.0pt; font-family: 'Helvetica Neue';\">\u00dcber 700 von Fachkollegen begutachtete Studien best\u00e4tigen die grundlegenden biologischen Gefahren, die von der mRNA-Technologie ausgehen.<\/span><\/p>\n<p style=\"margin: 0cm; font-variant-caps: normal; font-width: normal; font-size-adjust: none; font-kerning: auto; font-variant-alternates: normal; font-variant-ligatures: normal; font-variant-numeric: normal; font-variant-east-asian: normal; font-variant-position: normal; font-variant-emoji: normal; font-feature-settings: normal; font-optical-sizing: auto; font-variation-settings: normal; min-height: 15px;\"><span style=\"font-size: 10.0pt; font-family: 'Helvetica Neue';\">\u00a0<\/span><\/p>\n<p style=\"margin: 0cm; font-variant-caps: normal; font-width: normal; font-size-adjust: none; font-kerning: auto; font-variant-alternates: normal; font-variant-ligatures: normal; font-variant-numeric: normal; font-variant-east-asian: normal; font-variant-position: normal; font-variant-emoji: normal; font-feature-settings: normal; font-optical-sizing: auto; font-variation-settings: normal;\"><span style=\"font-size: 10.0pt; font-family: 'Helvetica Neue';\">463 Publizierte Fallstudien (Case Reports) mit teils t\u00f6dlichen Corona-Impfungsnebenwirkungen<\/span><\/p>\n<p style=\"margin: 0cm; font-variant-caps: normal; font-width: normal; font-size-adjust: none; font-kerning: auto; font-variant-alternates: normal; font-variant-ligatures: normal; font-variant-numeric: normal; font-variant-east-asian: normal; font-variant-position: normal; font-variant-emoji: normal; font-feature-settings: normal; font-optical-sizing: auto; font-variation-settings: normal;\"><span style=\"font-size: 10.0pt; font-family: 'Helvetica Neue';\"><a href=\"https:\/\/www.aletheialib.org\/doc\/883\"><b>https:\/\/www.aletheialib.org\/doc\/883<\/b><\/a><\/span><\/p>\n<p style=\"margin: 0cm; font-variant-caps: normal; font-width: normal; font-size-adjust: none; font-kerning: auto; font-variant-alternates: normal; font-variant-ligatures: normal; font-variant-numeric: normal; font-variant-east-asian: normal; font-variant-position: normal; font-variant-emoji: normal; font-feature-settings: normal; font-optical-sizing: auto; font-variation-settings: normal;\"><span style=\"font-size: 10.0pt; font-family: 'Helvetica Neue';\">zusammengestellt von Dr. Lynn Fynn<\/span><\/p>\n<p style=\"margin: 0cm; font-variant-caps: normal; font-width: normal; font-size-adjust: none; font-kerning: auto; font-variant-alternates: normal; font-variant-ligatures: normal; font-variant-numeric: normal; font-variant-east-asian: normal; font-variant-position: normal; font-variant-emoji: normal; font-feature-settings: normal; font-optical-sizing: auto; font-variation-settings: normal; min-height: 15px;\"><span style=\"font-size: 10.0pt; font-family: 'Helvetica Neue';\">\u00a0<\/span><\/p>\n<p style=\"margin: 0cm; font-variant-caps: normal; font-width: normal; font-size-adjust: none; font-kerning: auto; font-variant-alternates: normal; font-variant-ligatures: normal; font-variant-numeric: normal; font-variant-east-asian: normal; font-variant-position: normal; font-variant-emoji: normal; font-feature-settings: normal; font-optical-sizing: auto; font-variation-settings: normal;\"><span style=\"font-size: 10.0pt; font-family: 'Helvetica Neue';\">SEVEN Studies Demonstrate COVID-19 &#8220;Vaccines&#8221; Actually INCREASE Your Risk of Infection<\/span><\/p>\n<p style=\"margin: 0cm; font-variant-caps: normal; font-width: normal; font-size-adjust: none; font-kerning: auto; font-variant-alternates: normal; font-variant-ligatures: normal; font-variant-numeric: normal; font-variant-east-asian: normal; font-variant-position: normal; font-variant-emoji: normal; font-feature-settings: normal; font-optical-sizing: auto; font-variation-settings: normal;\"><span style=\"font-size: 10.0pt; font-family: 'Helvetica Neue';\"><a href=\"https:\/\/www.aletheialib.org\/doc\/884\"><b>https:\/\/www.aletheialib.org\/doc\/884<\/b><\/a><\/span><\/p>\n<p style=\"margin: 0cm; font-variant-caps: normal; font-width: normal; font-size-adjust: none; font-kerning: auto; font-variant-alternates: normal; font-variant-ligatures: normal; font-variant-numeric: normal; font-variant-east-asian: normal; font-variant-position: normal; font-variant-emoji: normal; font-feature-settings: normal; font-optical-sizing: auto; font-variation-settings: normal;\"><span style=\"font-size: 10.0pt; font-family: 'Helvetica Neue';\">Sieben Studien belegen, dass COVID-19-&#8220;Impfstoffe&#8221; das Infektionsrisiko tats\u00e4chlich ERH\u00d6HEN<\/span><\/p>\n<p style=\"margin: 0cm; font-variant-caps: normal; font-width: normal; font-size-adjust: none; font-kerning: auto; font-variant-alternates: normal; font-variant-ligatures: normal; font-variant-numeric: normal; font-variant-east-asian: normal; font-variant-position: normal; font-variant-emoji: normal; font-feature-settings: normal; font-optical-sizing: auto; font-variation-settings: normal; min-height: 15px;\"><span style=\"font-size: 10.0pt; font-family: 'Helvetica Neue';\">\u00a0<\/span><\/p>\n<p style=\"margin: 0cm; font-variant-caps: normal; font-width: normal; font-size-adjust: none; font-kerning: auto; font-variant-alternates: normal; font-variant-ligatures: normal; font-variant-numeric: normal; font-variant-east-asian: normal; font-variant-position: normal; font-variant-emoji: normal; font-feature-settings: normal; font-optical-sizing: auto; font-variation-settings: normal;\"><b><span style=\"font-size: 10.0pt; font-family: 'Helvetica Neue';\">A calibration of nucleic acid (PCR) by antibody (IgG) tests in Germany: the course of SARS-CoV-2 infections estimated<\/span><\/b><\/p>\n<p style=\"margin: 0cm; font-variant-caps: normal; font-width: normal; font-size-adjust: none; font-kerning: auto; font-variant-alternates: normal; font-variant-ligatures: normal; font-variant-numeric: normal; font-variant-east-asian: normal; font-variant-position: normal; font-variant-emoji: normal; font-feature-settings: normal; font-optical-sizing: auto; font-variation-settings: normal;\"><span style=\"font-size: 10.0pt; font-family: 'Helvetica Neue';\"><a href=\"https:\/\/www.aletheialib.org\/doc\/869\"><b>https:\/\/www.aletheialib.org\/doc\/869<\/b><\/a><\/span><\/p>\n<p style=\"margin: 0cm; font-variant-caps: normal; font-width: normal; font-size-adjust: none; font-kerning: auto; font-variant-alternates: normal; font-variant-ligatures: normal; font-variant-numeric: normal; font-variant-east-asian: normal; font-variant-position: normal; font-variant-emoji: normal; font-feature-settings: normal; font-optical-sizing: auto; font-variation-settings: normal;\"><span style=\"font-size: 10.0pt; font-family: 'Helvetica Neue';\">&#8220;Nur 14 % \u2013 und m\u00f6glicherweise sogar weniger, bis zu 10 % \u2013 der Personen, die mittels PCR-Test als SARS-CoV-2-positiv identifiziert wurden, waren tats\u00e4chlich infiziert, was durch nachweisbare IgG-Antik\u00f6rper belegt wurde.<\/span><\/p>\n<p style=\"margin: 0cm; font-variant-caps: normal; font-width: normal; font-size-adjust: none; font-kerning: auto; font-variant-alternates: normal; font-variant-ligatures: normal; font-variant-numeric: normal; font-variant-east-asian: normal; font-variant-position: normal; font-variant-emoji: normal; font-feature-settings: normal; font-optical-sizing: auto; font-variation-settings: normal; min-height: 16px;\"><span style=\"font-size: 10.0pt; font-family: 'Helvetica Neue';\">\u00a0<\/span><\/p>\n<p style=\"font-variant-caps: normal; font-width: normal; font-size-adjust: none; font-kerning: auto; font-variant-alternates: normal; font-variant-ligatures: normal; font-variant-numeric: normal; font-variant-east-asian: normal; font-variant-position: normal; font-variant-emoji: normal; font-feature-settings: normal; font-optical-sizing: auto; font-variation-settings: normal; margin: 0cm 0cm 1.5pt 0cm;\"><b><span style=\"font-family: 'Helvetica Neue';\">Genomic Integration and Molecular Dysregulation in Aggressive Stage IV Bladder Cancer Following COVID-19 mRNA Vaccination<\/span><\/b><\/p>\n<p style=\"margin: 0cm; font-variant-caps: normal; font-width: normal; font-size-adjust: none; font-kerning: auto; font-variant-alternates: normal; font-variant-ligatures: normal; font-variant-numeric: normal; font-variant-east-asian: normal; font-variant-position: normal; font-variant-emoji: normal; font-feature-settings: normal; font-optical-sizing: auto; font-variation-settings: normal;\"><span style=\"font-size: 10.0pt; font-family: 'Helvetica Neue';\"><a href=\"https:\/\/www.aletheialib.org\/doc\/870\"><b>https:\/\/www.aletheialib.org\/doc\/870<\/b><\/a><\/span><\/p>\n<p style=\"margin: 0cm; font-variant-caps: normal; font-width: normal; font-size-adjust: none; font-kerning: auto; font-variant-alternates: normal; font-variant-ligatures: normal; font-variant-numeric: normal; font-variant-east-asian: normal; font-variant-position: normal; font-variant-emoji: normal; font-feature-settings: normal; font-optical-sizing: auto; font-variation-settings: normal;\"><b><span style=\"font-size: 10.0pt; font-family: 'Helvetica Neue';\">Bei einer 31-j\u00e4hrigen Patientin mit Krebs im Stadium IV haben wir eine aus dem Impfstoff stammende Spike-Gensequenz identifiziert, die chim\u00e4risch in das Chromosom 19 fusioniert war und eine perfekte 20\/20-Basenpaar-\u00dcbereinstimmung mit ihrer Moderna-mRNA aufwies \u2013 eine Wahrscheinlichkeit von 1 zu einer Billion.<\/span><\/b><\/p>\n<p style=\"margin: 0cm; font-variant-caps: normal; font-width: normal; font-size-adjust: none; font-kerning: auto; font-variant-alternates: normal; font-variant-ligatures: normal; font-variant-numeric: normal; font-variant-east-asian: normal; font-variant-position: normal; font-variant-emoji: normal; font-feature-settings: normal; font-optical-sizing: auto; font-variation-settings: normal; min-height: 16px;\"><span style=\"font-size: 10.0pt; font-family: 'Helvetica Neue';\">\u00a0<\/span><\/p>\n<p style=\"font-variant-caps: normal; font-width: normal; font-size-adjust: none; font-kerning: auto; font-variant-alternates: normal; font-variant-ligatures: normal; font-variant-numeric: normal; font-variant-east-asian: normal; font-variant-position: normal; font-variant-emoji: normal; font-feature-settings: normal; font-optical-sizing: auto; font-variation-settings: normal; margin: 0cm 0cm 1.5pt 0cm;\"><b><span style=\"font-family: 'Helvetica Neue';\">Das Spike-Protein ist cancerogen<\/span><\/b><\/p>\n<p style=\"margin: 0cm; font-variant-caps: normal; font-width: normal; font-size-adjust: none; font-kerning: auto; font-variant-alternates: normal; font-variant-ligatures: normal; font-variant-numeric: normal; font-variant-east-asian: normal; font-variant-position: normal; font-variant-emoji: normal; font-feature-settings: normal; font-optical-sizing: auto; font-variation-settings: normal;\"><span style=\"font-size: 10.0pt; font-family: 'Helvetica Neue';\"><a href=\"https:\/\/www.aletheialib.org\/doc\/871\"><b>https:\/\/www.aletheialib.org\/doc\/871<\/b><\/a><\/span><\/p>\n<p style=\"margin: 0cm; font-variant-caps: normal; font-width: normal; font-size-adjust: none; font-kerning: auto; font-variant-alternates: normal; font-variant-ligatures: normal; font-variant-numeric: normal; font-variant-east-asian: normal; font-variant-position: normal; font-variant-emoji: normal; font-feature-settings: normal; font-optical-sizing: auto; font-variation-settings: normal;\"><span style=\"font-size: 10.0pt; font-family: 'Helvetica Neue';\">Vortrag Sabine Stebel<\/span><\/p>\n<p style=\"margin: 0cm; font-variant-caps: normal; font-width: normal; font-size-adjust: none; font-kerning: auto; font-variant-alternates: normal; font-variant-ligatures: normal; font-variant-numeric: normal; font-variant-east-asian: normal; font-variant-position: normal; font-variant-emoji: normal; font-feature-settings: normal; font-optical-sizing: auto; font-variation-settings: normal; min-height: 15px;\"><span style=\"font-size: 10.0pt; font-family: 'Helvetica Neue';\">\u00a0<\/span><\/p>\n<p style=\"margin: 0cm; font-variant-caps: normal; font-width: normal; font-size-adjust: none; font-kerning: auto; font-variant-alternates: normal; font-variant-ligatures: normal; font-variant-numeric: normal; font-variant-east-asian: normal; font-variant-position: normal; font-variant-emoji: normal; font-feature-settings: normal; font-optical-sizing: auto; font-variation-settings: normal;\"><b><span style=\"font-size: 10.0pt; font-family: 'Helvetica Neue';\">Rational design of lipid nanoparticles for enabling gene therapies<\/span><\/b><\/p>\n<p style=\"margin: 0cm; font-variant-caps: normal; font-width: normal; font-size-adjust: none; font-kerning: auto; font-variant-alternates: normal; font-variant-ligatures: normal; font-variant-numeric: normal; font-variant-east-asian: normal; font-variant-position: normal; font-variant-emoji: normal; font-feature-settings: normal; font-optical-sizing: auto; font-variation-settings: normal;\"><span style=\"font-size: 10.0pt; font-family: 'Helvetica Neue';\"><a href=\"https:\/\/www.aletheialib.org\/doc\/872\"><b>https:\/\/www.aletheialib.org\/doc\/872<\/b><\/a><\/span><\/p>\n<p style=\"margin: 0cm; font-variant-caps: normal; font-width: normal; font-size-adjust: none; font-kerning: auto; font-variant-alternates: normal; font-variant-ligatures: normal; font-variant-numeric: normal; font-variant-east-asian: normal; font-variant-position: normal; font-variant-emoji: normal; font-feature-settings: normal; font-optical-sizing: auto; font-variation-settings: normal;\"><b><span style=\"font-size: 10.0pt; font-family: 'Helvetica Neue';\">Wichtige \u00dcberpr\u00fcfung der Molekulartherapie macht es deutlich<\/span><\/b><\/p>\n<p style=\"margin: 0cm; font-variant-caps: normal; font-width: normal; font-size-adjust: none; font-kerning: auto; font-variant-alternates: normal; font-variant-ligatures: normal; font-variant-numeric: normal; font-variant-east-asian: normal; font-variant-position: normal; font-variant-emoji: normal; font-feature-settings: normal; font-optical-sizing: auto; font-variation-settings: normal;\"><b><span style=\"font-size: 10.0pt; font-family: 'Helvetica Neue';\">Kationische Lipid-Nanopartikel sind extrem giftig und verursachen massive Blutgerinnsel&#8230;<\/span><\/b><\/p>\n<p style=\"margin: 0cm; font-variant-caps: normal; font-width: normal; font-size-adjust: none; font-kerning: auto; font-variant-alternates: normal; font-variant-ligatures: normal; font-variant-numeric: normal; font-variant-east-asian: normal; font-variant-position: normal; font-variant-emoji: normal; font-feature-settings: normal; font-optical-sizing: auto; font-variation-settings: normal; min-height: 16px;\"><span style=\"font-size: 10.0pt; font-family: 'Helvetica Neue';\">\u00a0<\/span><\/p>\n<p style=\"margin: 0cm; font-variant-caps: normal; font-width: normal; font-size-adjust: none; font-kerning: auto; font-variant-alternates: normal; font-variant-ligatures: normal; font-variant-numeric: normal; font-variant-east-asian: normal; font-variant-position: normal; font-variant-emoji: normal; font-feature-settings: normal; font-optical-sizing: auto; font-variation-settings: normal;\"><b><span style=\"font-size: 10.0pt; font-family: 'Helvetica Neue';\">1-year risks of cancers associated with COVID-19 vaccination: a large population-based cohort study in South Korea<\/span><\/b><\/p>\n<p style=\"margin: 0cm; font-variant-caps: normal; font-width: normal; font-size-adjust: none; font-kerning: auto; font-variant-alternates: normal; font-variant-ligatures: normal; font-variant-numeric: normal; font-variant-east-asian: normal; font-variant-position: normal; font-variant-emoji: normal; font-feature-settings: normal; font-optical-sizing: auto; font-variation-settings: normal;\"><span style=\"font-size: 10.0pt; font-family: 'Helvetica Neue';\"><a href=\"https:\/\/www.aletheialib.org\/doc\/873\"><b>https:\/\/www.aletheialib.org\/doc\/873<\/b><\/a><\/span><\/p>\n<p style=\"margin: 0cm; font-variant-caps: normal; font-width: normal; font-size-adjust: none; font-kerning: auto; font-variant-alternates: normal; font-variant-ligatures: normal; font-variant-numeric: normal; font-variant-east-asian: normal; font-variant-position: normal; font-variant-emoji: normal; font-feature-settings: normal; font-optical-sizing: auto; font-variation-settings: normal;\"><span style=\"font-size: 10.0pt; font-family: 'Helvetica Neue';\">Verheerende Nebenwirkungen der Covid-Impfstoffe in weiterer Studie best\u00e4tigt: Signifikant erh\u00f6htes Krebsrisiko<\/span><\/p>\n<p style=\"margin: 0cm; font-variant-caps: normal; font-width: normal; font-size-adjust: none; font-kerning: auto; font-variant-alternates: normal; font-variant-ligatures: normal; font-variant-numeric: normal; font-variant-east-asian: normal; font-variant-position: normal; font-variant-emoji: normal; font-feature-settings: normal; font-optical-sizing: auto; font-variation-settings: normal; min-height: 15px;\"><span style=\"font-size: 10.0pt; font-family: 'Helvetica Neue';\">\u00a0<\/span><\/p>\n<p style=\"margin: 0cm; font-variant-caps: normal; font-width: normal; font-size-adjust: none; font-kerning: auto; font-variant-alternates: normal; font-variant-ligatures: normal; font-variant-numeric: normal; font-variant-east-asian: normal; font-variant-position: normal; font-variant-emoji: normal; font-feature-settings: normal; font-optical-sizing: auto; font-variation-settings: normal;\"><b><span style=\"font-size: 10.0pt; font-family: 'Helvetica Neue';\">Monitoring changes in vitamin D levels during the COVID-19 pandemic with routinely-collected laboratory data<\/span><\/b><\/p>\n<p style=\"margin: 0cm; font-variant-caps: normal; font-width: normal; font-size-adjust: none; font-kerning: auto; font-variant-alternates: normal; font-variant-ligatures: normal; font-variant-numeric: normal; font-variant-east-asian: normal; font-variant-position: normal; font-variant-emoji: normal; font-feature-settings: normal; font-optical-sizing: auto; font-variation-settings: normal;\"><span style=\"font-size: 10.0pt; font-family: 'Helvetica Neue';\"><a href=\"https:\/\/www.aletheialib.org\/doc\/874\"><b>https:\/\/www.aletheialib.org\/doc\/874<\/b><\/a><\/span><\/p>\n<p style=\"margin: 0cm; font-variant-caps: normal; font-width: normal; font-size-adjust: none; font-kerning: auto; font-variant-alternates: normal; font-variant-ligatures: normal; font-variant-numeric: normal; font-variant-east-asian: normal; font-variant-position: normal; font-variant-emoji: normal; font-feature-settings: normal; font-optical-sizing: auto; font-variation-settings: normal;\"><b><span style=\"font-size: 10.0pt; font-family: 'Helvetica Neue';\">Deutsche Studie: Signifikanter R\u00fcckgang des Vitamin-D-Spiegels w\u00e4hrend der \u00abPandemie\u00bb<\/span><\/b><\/p>\n<p style=\"margin: 0cm; font-variant-caps: normal; font-width: normal; font-size-adjust: none; font-kerning: auto; font-variant-alternates: normal; font-variant-ligatures: normal; font-variant-numeric: normal; font-variant-east-asian: normal; font-variant-position: normal; font-variant-emoji: normal; font-feature-settings: normal; font-optical-sizing: auto; font-variation-settings: normal; min-height: 15px;\"><span style=\"font-size: 10.0pt; font-family: 'Helvetica Neue';\">\u00a0<\/span><\/p>\n<p style=\"margin: 0cm; font-variant-caps: normal; font-width: normal; font-size-adjust: none; font-kerning: auto; font-variant-alternates: normal; font-variant-ligatures: normal; font-variant-numeric: normal; font-variant-east-asian: normal; font-variant-position: normal; font-variant-emoji: normal; font-feature-settings: normal; font-optical-sizing: auto; font-variation-settings: normal;\"><b><span style=\"font-size: 10.0pt; font-family: 'Helvetica Neue';\">Comparative Safety of BNT162b2 and mRNA-1273 Vaccines in a Nationwide Cohort of US Veterans<\/span><\/b><\/p>\n<p style=\"margin: 0cm; font-variant-caps: normal; font-width: normal; font-size-adjust: none; font-kerning: auto; font-variant-alternates: normal; font-variant-ligatures: normal; font-variant-numeric: normal; font-variant-east-asian: normal; font-variant-position: normal; font-variant-emoji: normal; font-feature-settings: normal; font-optical-sizing: auto; font-variation-settings: normal;\"><span style=\"font-size: 10.0pt; font-family: 'Helvetica Neue';\"><a href=\"https:\/\/www.aletheialib.org\/doc\/875\"><b>https:\/\/www.aletheialib.org\/doc\/875<\/b><\/a><\/span><\/p>\n<p style=\"margin: 0cm; font-variant-caps: normal; font-width: normal; font-size-adjust: none; font-kerning: auto; font-variant-alternates: normal; font-variant-ligatures: normal; font-variant-numeric: normal; font-variant-east-asian: normal; font-variant-position: normal; font-variant-emoji: normal; font-feature-settings: normal; font-optical-sizing: auto; font-variation-settings: normal;\"><span style=\"font-size: 10.0pt; font-family: 'Helvetica Neue';\">Dickerman und Kollegen analysierten sorgf\u00e4ltig abgeglichene Daten von 433.672 US-Veteranen w\u00e4hrend einer 38-w\u00f6chigen Nachbeobachtungszeit. Sie fanden heraus, dass der Pfizer-Impfstoff unter anderem das Risiko f\u00fcr einen Herzinfarkt um 36 % [95 % CI: 1,20\u20131,53] erh\u00f6ht, verglichen mit denen, die den Moderna-Impfstoff erhalten haben.<\/span><\/p>\n<p style=\"margin: 0cm; font-variant-caps: normal; font-width: normal; font-size-adjust: none; font-kerning: auto; font-variant-alternates: normal; font-variant-ligatures: normal; font-variant-numeric: normal; font-variant-east-asian: normal; font-variant-position: normal; font-variant-emoji: normal; font-feature-settings: normal; font-optical-sizing: auto; font-variation-settings: normal;\"><span style=\"font-size: 10.0pt; font-family: 'Helvetica Neue';\">Dies ist nur auf Seite 50 eines 58-seitigen Anhangs (eTable 5) zu finden:\u00a0<\/span><\/p>\n<p style=\"margin: 0cm; font-variant-caps: normal; font-width: normal; font-size-adjust: none; font-kerning: auto; font-variant-alternates: normal; font-variant-ligatures: normal; font-variant-numeric: normal; font-variant-east-asian: normal; font-variant-position: normal; font-variant-emoji: normal; font-feature-settings: normal; font-optical-sizing: auto; font-variation-settings: normal;\"><span style=\"font-size: 10.0pt; font-family: 'Helvetica Neue';\"><a href=\"https:\/\/www.wissenschaftstehtauf.ch\/ioi220025supp1_prod_1656696060.28047.pdf\">https:\/\/www.wissenschaftstehtauf.ch\/ioi220025supp1_prod_1656696060.28047.pdf<\/a><\/span><\/p>\n<p style=\"margin: 0cm; font-variant-caps: normal; font-width: normal; font-size-adjust: none; font-kerning: auto; font-variant-alternates: normal; font-variant-ligatures: normal; font-variant-numeric: normal; font-variant-east-asian: normal; font-variant-position: normal; font-variant-emoji: normal; font-feature-settings: normal; font-optical-sizing: auto; font-variation-settings: normal; min-height: 15px;\"><span style=\"font-size: 10.0pt; font-family: 'Helvetica Neue';\">\u00a0<\/span><\/p>\n<p style=\"margin: 0cm; font-variant-caps: normal; font-width: normal; font-size-adjust: none; font-kerning: auto; font-variant-alternates: normal; font-variant-ligatures: normal; font-variant-numeric: normal; font-variant-east-asian: normal; font-variant-position: normal; font-variant-emoji: normal; font-feature-settings: normal; font-optical-sizing: auto; font-variation-settings: normal;\"><b><span style=\"font-size: 10.0pt; font-family: 'Helvetica Neue';\">Quantification of residual plasmid DNA and SV40 promoter-enhancer sequences in Pfizer\/BioNTech and Moderna modRNA COVID-19 vaccines from Ontario, Canada<\/span><\/b><\/p>\n<p style=\"margin: 0cm; font-variant-caps: normal; font-width: normal; font-size-adjust: none; font-kerning: auto; font-variant-alternates: normal; font-variant-ligatures: normal; font-variant-numeric: normal; font-variant-east-asian: normal; font-variant-position: normal; font-variant-emoji: normal; font-feature-settings: normal; font-optical-sizing: auto; font-variation-settings: normal;\"><span style=\"font-size: 10.0pt; font-family: 'Helvetica Neue';\"><a href=\"https:\/\/www.aletheialib.org\/doc\/876\"><b>https:\/\/www.aletheialib.org\/doc\/876<\/b><\/a><\/span><\/p>\n<p style=\"margin: 0cm; font-variant-caps: normal; font-width: normal; font-size-adjust: none; font-kerning: auto; font-variant-alternates: normal; font-variant-ligatures: normal; font-variant-numeric: normal; font-variant-east-asian: normal; font-variant-position: normal; font-variant-emoji: normal; font-feature-settings: normal; font-optical-sizing: auto; font-variation-settings: normal;\"><span style=\"font-size: 10.0pt; font-family: 'Helvetica Neue';\">Die Autoren quantifizierten erhebliche Mengen an Rest-Plasmid-DNA in den Impfstoffen, teils in Gr\u00f6\u00dfenordnungen von Milliarden Fragmenten pro Dosis, wobei die gemessenen Werte die von FDA und WHO festgelegten Grenzwerte f\u00fcr Rest-DNA um das 36- bis 627-fache \u00fcberschritten. Besonders im Fokus steht das Vorhandensein von SV40-Promotor-Enhancer-Sequenzen in einigen Pfizer-Dosen, was die Autoren als potenzielles Sicherheitsrisiko einordnen, da SV40 in Zellkulturen als onkogen gilt.<\/span><\/p>\n<p style=\"margin: 0cm; font-variant-caps: normal; font-width: normal; font-size-adjust: none; font-kerning: auto; font-variant-alternates: normal; font-variant-ligatures: normal; font-variant-numeric: normal; font-variant-east-asian: normal; font-variant-position: normal; font-variant-emoji: normal; font-feature-settings: normal; font-optical-sizing: auto; font-variation-settings: normal; min-height: 15px;\"><span style=\"font-size: 10.0pt; font-family: 'Helvetica Neue';\">\u00a0<\/span><\/p>\n<p style=\"margin: 0cm; font-variant-caps: normal; font-width: normal; font-size-adjust: none; font-kerning: auto; font-variant-alternates: normal; font-variant-ligatures: normal; font-variant-numeric: normal; font-variant-east-asian: normal; font-variant-position: normal; font-variant-emoji: normal; font-feature-settings: normal; font-optical-sizing: auto; font-variation-settings: normal;\"><b><span style=\"font-size: 10.0pt; font-family: 'Helvetica Neue';\">Review of: Global Estimates of Lives and Life-Years Saved by COVID-19 Vaccination During 2020-2024<\/span><\/b><\/p>\n<p style=\"margin: 0cm; font-variant-caps: normal; font-width: normal; font-size-adjust: none; font-kerning: auto; font-variant-alternates: normal; font-variant-ligatures: normal; font-variant-numeric: normal; font-variant-east-asian: normal; font-variant-position: normal; font-variant-emoji: normal; font-feature-settings: normal; font-optical-sizing: auto; font-variation-settings: normal;\"><span style=\"font-size: 10.0pt; font-family: 'Helvetica Neue';\"><a href=\"https:\/\/www.aletheialib.org\/doc\/877\"><b>https:\/\/www.aletheialib.org\/doc\/877<\/b><\/a><\/span><\/p>\n<p style=\"margin: 0cm; font-variant-caps: normal; font-width: normal; font-size-adjust: none; font-kerning: auto; font-variant-alternates: normal; font-variant-ligatures: normal; font-variant-numeric: normal; font-variant-east-asian: normal; font-variant-position: normal; font-variant-emoji: normal; font-feature-settings: normal; font-optical-sizing: auto; font-variation-settings: normal;\"><span style=\"font-size: 10.0pt; font-family: 'Helvetica Neue';\"><a href=\"https:\/\/www.qeios.com\/profile\/93217\">Denis G Rancourt<\/a> widerspricht Ioannidis: Die Berechnungen und Schlussfolgerungen von Ioannidis et al. (2025), wonach durch die COVID-19-Impfung im Zeitraum 2020\u20132024 1,4 bis 4,0 Millionen Menschenleben gerettet wurden, seien falsch.<\/span><\/p>\n<p style=\"margin: 0cm; font-variant-caps: normal; font-width: normal; font-size-adjust: none; font-kerning: auto; font-variant-alternates: normal; font-variant-ligatures: normal; font-variant-numeric: normal; font-variant-east-asian: normal; font-variant-position: normal; font-variant-emoji: normal; font-feature-settings: normal; font-optical-sizing: auto; font-variation-settings: normal;\"><span style=\"font-size: 10.0pt; font-family: 'Helvetica Neue';\">Das Ergebnis ist eine bedeutungslose Illusion eines lebensrettenden Nutzens der COVID-19-Impfung, unabh\u00e4ngig davon, dass dieser bescheidener ausf\u00e4llt als fr\u00fchere Sch\u00e4tzungen.<\/span><\/p>\n<p style=\"margin: 0cm; font-variant-caps: normal; font-width: normal; font-size-adjust: none; font-kerning: auto; font-variant-alternates: normal; font-variant-ligatures: normal; font-variant-numeric: normal; font-variant-east-asian: normal; font-variant-position: normal; font-variant-emoji: normal; font-feature-settings: normal; font-optical-sizing: auto; font-variation-settings: normal; min-height: 15px;\"><span style=\"font-size: 10.0pt; font-family: 'Helvetica Neue';\">\u00a0<\/span><\/p>\n<p style=\"margin: 0cm; font-variant-caps: normal; font-width: normal; font-size-adjust: none; font-kerning: auto; font-variant-alternates: normal; font-variant-ligatures: normal; font-variant-numeric: normal; font-variant-east-asian: normal; font-variant-position: normal; font-variant-emoji: normal; font-feature-settings: normal; font-optical-sizing: auto; font-variation-settings: normal;\"><b><span style=\"font-size: 10.0pt; font-family: 'Helvetica Neue';\">Post-marketing safety monitoring of RSV vaccines: A real-world study based on the Vaccine Adverse Event Reporting System (VAERS)<\/span><\/b><\/p>\n<p style=\"margin: 0cm; font-variant-caps: normal; font-width: normal; font-size-adjust: none; font-kerning: auto; font-variant-alternates: normal; font-variant-ligatures: normal; font-variant-numeric: normal; font-variant-east-asian: normal; font-variant-position: normal; font-variant-emoji: normal; font-feature-settings: normal; font-optical-sizing: auto; font-variation-settings: normal;\"><span style=\"font-size: 10.0pt; font-family: 'Helvetica Neue';\"><a href=\"https:\/\/www.aletheialib.org\/doc\/878\"><b>https:\/\/www.aletheialib.org\/doc\/878<\/b><\/a><\/span><\/p>\n<p style=\"margin: 0cm; font-variant-caps: normal; font-width: normal; font-size-adjust: none; font-kerning: auto; font-variant-alternates: normal; font-variant-ligatures: normal; font-variant-numeric: normal; font-variant-east-asian: normal; font-variant-position: normal; font-variant-emoji: normal; font-feature-settings: normal; font-optical-sizing: auto; font-variation-settings: normal;\"><span style=\"font-size: 10.0pt; font-family: 'Helvetica Neue';\">RSV- Nicht Corona! W\u00e4hrend sowohl der Impfstoff von Pfizer als auch der von GSK Tausende von Signalen generierten, gab es f\u00fcr den mRNA-RSV-Impfstoff von Moderna zu wenige Meldungen (nur 35 F\u00e4lle), um eine aussagekr\u00e4ftige Analyse zu erm\u00f6glichen. Das bedeutet nicht, dass er sicher ist \u2013 nur, dass noch nicht gen\u00fcgend Daten nach der Markteinf\u00fchrung vorliegen, um Muster zu erkennen.<\/span><\/p>\n<p style=\"margin: 0cm; font-variant-caps: normal; font-width: normal; font-size-adjust: none; font-kerning: auto; font-variant-alternates: normal; font-variant-ligatures: normal; font-variant-numeric: normal; font-variant-east-asian: normal; font-variant-position: normal; font-variant-emoji: normal; font-feature-settings: normal; font-optical-sizing: auto; font-variation-settings: normal; min-height: 15px;\"><span style=\"font-size: 10.0pt; font-family: 'Helvetica Neue';\">\u00a0<\/span><\/p>\n<p style=\"margin: 0cm; font-variant-caps: normal; font-width: normal; font-size-adjust: none; font-kerning: auto; font-variant-alternates: normal; font-variant-ligatures: normal; font-variant-numeric: normal; font-variant-east-asian: normal; font-variant-position: normal; font-variant-emoji: normal; font-feature-settings: normal; font-optical-sizing: auto; font-variation-settings: normal;\"><b><span style=\"font-size: 10.0pt; font-family: 'Helvetica Neue';\">Association of SARS-CoV-2 vaccination status with risk of influenza-like illness and loss of workdays in healthcare workers<\/span><\/b><\/p>\n<p style=\"margin: 0cm; font-variant-caps: normal; font-width: normal; font-size-adjust: none; font-kerning: auto; font-variant-alternates: normal; font-variant-ligatures: normal; font-variant-numeric: normal; font-variant-east-asian: normal; font-variant-position: normal; font-variant-emoji: normal; font-feature-settings: normal; font-optical-sizing: auto; font-variation-settings: normal;\"><span style=\"font-size: 10.0pt; font-family: 'Helvetica Neue';\"><a href=\"https:\/\/www.aletheialib.org\/doc\/879\"><b>https:\/\/www.aletheialib.org\/doc\/879<\/b><\/a><\/span><\/p>\n<p style=\"font-variant-caps: normal; font-width: normal; font-size-adjust: none; font-kerning: auto; font-variant-alternates: normal; font-variant-ligatures: normal; font-variant-numeric: normal; font-variant-east-asian: normal; font-variant-position: normal; font-variant-emoji: normal; font-feature-settings: normal; font-optical-sizing: auto; font-variation-settings: normal; margin: 0cm 0cm 1.5pt 0cm;\"><b><span style=\"font-family: 'Helvetica Neue';\">Corona-Impfungen gehen mit Zunahme von Atemwegserkrankungen einher<\/span><\/b><\/p>\n<p style=\"margin: 0cm; font-variant-caps: normal; font-width: normal; font-size-adjust: none; font-kerning: auto; font-variant-alternates: normal; font-variant-ligatures: normal; font-variant-numeric: normal; font-variant-east-asian: normal; font-variant-position: normal; font-variant-emoji: normal; font-feature-settings: normal; font-optical-sizing: auto; font-variation-settings: normal;\"><span style=\"font-size: 10.0pt; font-family: 'Helvetica Neue';\">Auf der Grundlage unserer Daten kommen wir zu dem Schluss, dass die SARS-CoV-2-Auffrischungsimpfung nicht zum Schutz des Gesundheitspersonals in einer postpandemischen Situation beitr\u00c3\u00a4gt. Die SARS-CoV-2-Impfung kann sogar vor\u00fcbergehend die Wahrscheinlichkeit einer symptomatischen Infektion und von Arbeitsausf\u00e4llen erh\u00f6hen.<\/span><\/p>\n<p style=\"margin: 0cm; font-variant-caps: normal; font-width: normal; font-size-adjust: none; font-kerning: auto; font-variant-alternates: normal; font-variant-ligatures: normal; font-variant-numeric: normal; font-variant-east-asian: normal; font-variant-position: normal; font-variant-emoji: normal; font-feature-settings: normal; font-optical-sizing: auto; font-variation-settings: normal; min-height: 15px;\"><span style=\"font-size: 10.0pt; font-family: 'Helvetica Neue';\">\u00a0<\/span><\/p>\n<p style=\"margin: 0cm; font-variant-caps: normal; font-width: normal; font-size-adjust: none; font-kerning: auto; font-variant-alternates: normal; font-variant-ligatures: normal; font-variant-numeric: normal; font-variant-east-asian: normal; font-variant-position: normal; font-variant-emoji: normal; font-feature-settings: normal; font-optical-sizing: auto; font-variation-settings: normal;\"><b><span style=\"font-size: 10.0pt; font-family: 'Helvetica Neue';\">Clinical and Proteomic Associations of SARS-CoV-2 Infection and COVID-19 Vaccination in Multimorbid Patients: A Cross-Sectional Observational Study<\/span><\/b><\/p>\n<p style=\"margin: 0cm; font-variant-caps: normal; font-width: normal; font-size-adjust: none; font-kerning: auto; font-variant-alternates: normal; font-variant-ligatures: normal; font-variant-numeric: normal; font-variant-east-asian: normal; font-variant-position: normal; font-variant-emoji: normal; font-feature-settings: normal; font-optical-sizing: auto; font-variation-settings: normal;\"><span style=\"font-size: 10.0pt; font-family: 'Helvetica Neue';\"><a href=\"https:\/\/www.aletheialib.org\/doc\/880\"><b>https:\/\/www.aletheialib.org\/doc\/880<\/b><\/a><\/span><\/p>\n<p style=\"margin: 0cm; font-variant-caps: normal; font-width: normal; font-size-adjust: none; font-kerning: auto; font-variant-alternates: normal; font-variant-ligatures: normal; font-variant-numeric: normal; font-variant-east-asian: normal; font-variant-position: normal; font-variant-emoji: normal; font-feature-settings: normal; font-optical-sizing: auto; font-variation-settings: normal;\"><b><span style=\"font-size: 10.0pt; font-family: 'Helvetica Neue';\">Insgesamt werden aus den Ergebnissen Hinweise auf m\u00f6gliche Belastungen der Herz- und Nierenfunktion bei multimorbiden Geimpften abgeleitet, aber eine generelle Bewertung der Impfung als \u201egef\u00e4hrlich\u201c oder \u201ebedenkenlos\u201c erfolgt nicht<\/span><\/b><\/p>\n<p style=\"margin: 0cm; font-variant-caps: normal; font-width: normal; font-size-adjust: none; font-kerning: auto; font-variant-alternates: normal; font-variant-ligatures: normal; font-variant-numeric: normal; font-variant-east-asian: normal; font-variant-position: normal; font-variant-emoji: normal; font-feature-settings: normal; font-optical-sizing: auto; font-variation-settings: normal; min-height: 15px;\"><span style=\"font-size: 10.0pt; font-family: 'Helvetica Neue';\">\u00a0<\/span><\/p>\n<p style=\"margin: 0cm; font-variant-caps: normal; font-width: normal; font-size-adjust: none; font-kerning: auto; font-variant-alternates: normal; font-variant-ligatures: normal; font-variant-numeric: normal; font-variant-east-asian: normal; font-variant-position: normal; font-variant-emoji: normal; font-feature-settings: normal; font-optical-sizing: auto; font-variation-settings: normal;\"><span style=\"font-size: 10.0pt; font-family: 'Helvetica Neue';\">Compound Adverse Effects of COVID-19 mRNA Vaccination and Coronavirus Infection: A Convergence of Extensive Spike Protein Harms to the Human Body<\/span><\/p>\n<p style=\"margin: 0cm; font-variant-caps: normal; font-width: normal; font-size-adjust: none; font-kerning: auto; font-variant-alternates: normal; font-variant-ligatures: normal; font-variant-numeric: normal; font-variant-east-asian: normal; font-variant-position: normal; font-variant-emoji: normal; font-feature-settings: normal; font-optical-sizing: auto; font-variation-settings: normal;\"><span style=\"font-size: 10.0pt; font-family: 'Helvetica Neue';\"><a href=\"https:\/\/www.aletheialib.org\/doc\/881\"><b>https:\/\/www.aletheialib.org\/doc\/881<\/b><\/a><\/span><\/p>\n<p style=\"margin: 0cm; font-variant-caps: normal; font-width: normal; font-size-adjust: none; font-kerning: auto; font-variant-alternates: normal; font-variant-ligatures: normal; font-variant-numeric: normal; font-variant-east-asian: normal; font-variant-position: normal; font-variant-emoji: normal; font-feature-settings: normal; font-optical-sizing: auto; font-variation-settings: normal;\"><span style=\"font-size: 10.0pt; font-family: 'Helvetica Neue';\">Oft wird behauptet, dass die COVID-19-Boten-RNA-Impfungen (mRNA) den Schweregrad von COVID-19 und dessen Folgeerkrankungen verringern k\u00f6nnen. Die Autoren widersprechen dieser Behauptung und stellen die Hypothese auf, dass die mRNA-Impfungen Mechanismen ausl\u00f6sen, die zu einer Verst\u00e4rkung der COVID-19-Morbidit\u00e4t zusammen mit den \u201epostakuten Folgeerscheinungen von COVID-19\u201d (PASC) f\u00fchren.<\/span><\/p>\n<p style=\"margin: 0cm; font-variant-caps: normal; font-width: normal; font-size-adjust: none; font-kerning: auto; font-variant-alternates: normal; font-variant-ligatures: normal; font-variant-numeric: normal; font-variant-east-asian: normal; font-variant-position: normal; font-variant-emoji: normal; font-feature-settings: normal; font-optical-sizing: auto; font-variation-settings: normal; min-height: 15px;\"><span style=\"font-size: 10.0pt; font-family: 'Helvetica Neue';\">\u00a0<\/span><\/p>\n<p>&nbsp;<\/p>\n","protected":false},"excerpt":{"rendered":"<p>Um die Studien, Analysen, Erkenntnisse, Erfahrungen, Aussagen und weiteres Recherchematerial, welche w\u00e4hrend der Gesundheits-Krise der vergangenen Jahre gesammelt werden konnten, an einem Ort der breiten \u00d6ffentlichkeit leicht zug\u00e4nglich zu machen, hat die ALETHEIA Wissenschaftsgruppe eine Online-Bibliothek angelegt. Diese Daten dienen der Aufarbeitung und der allgemeinen Information. Die Wissenschaftsgruppe unter der Leitung von Dr. Walter Siegrist [&hellip;]<\/p>\n","protected":false},"author":19,"featured_media":24868,"comment_status":"closed","ping_status":"closed","sticky":false,"template":"","format":"standard","meta":{"_acf_changed":false,"footnotes":""},"categories":[126,1,28,38],"class_list":["post-24867","post","type-post","status-publish","format-standard","has-post-thumbnail","hentry","category-fundgrube","category-allgemein","category-gesundheit","category-oeffentlichkeitsarbeit"],"acf":[],"publishpress_future_action":{"enabled":false,"date":"2026-05-04 06:57:32","action":"change-status","newStatus":"draft","terms":[],"taxonomy":"category","extraData":[]},"publishpress_future_workflow_manual_trigger":{"enabledWorkflows":[]},"_links":{"self":[{"href":"https:\/\/www.aletheia-scimed.ch\/de\/wp-json\/wp\/v2\/posts\/24867","targetHints":{"allow":["GET"]}}],"collection":[{"href":"https:\/\/www.aletheia-scimed.ch\/de\/wp-json\/wp\/v2\/posts"}],"about":[{"href":"https:\/\/www.aletheia-scimed.ch\/de\/wp-json\/wp\/v2\/types\/post"}],"author":[{"embeddable":true,"href":"https:\/\/www.aletheia-scimed.ch\/de\/wp-json\/wp\/v2\/users\/19"}],"replies":[{"embeddable":true,"href":"https:\/\/www.aletheia-scimed.ch\/de\/wp-json\/wp\/v2\/comments?post=24867"}],"version-history":[{"count":1,"href":"https:\/\/www.aletheia-scimed.ch\/de\/wp-json\/wp\/v2\/posts\/24867\/revisions"}],"predecessor-version":[{"id":24871,"href":"https:\/\/www.aletheia-scimed.ch\/de\/wp-json\/wp\/v2\/posts\/24867\/revisions\/24871"}],"wp:featuredmedia":[{"embeddable":true,"href":"https:\/\/www.aletheia-scimed.ch\/de\/wp-json\/wp\/v2\/media\/24868"}],"wp:attachment":[{"href":"https:\/\/www.aletheia-scimed.ch\/de\/wp-json\/wp\/v2\/media?parent=24867"}],"wp:term":[{"taxonomy":"category","embeddable":true,"href":"https:\/\/www.aletheia-scimed.ch\/de\/wp-json\/wp\/v2\/categories?post=24867"}],"curies":[{"name":"wp","href":"https:\/\/api.w.org\/{rel}","templated":true}]}}