{"id":25250,"date":"2025-11-28T09:43:52","date_gmt":"2025-11-28T08:43:52","guid":{"rendered":"https:\/\/www.aletheia-scimed.ch\/?p=25250"},"modified":"2025-11-28T09:43:52","modified_gmt":"2025-11-28T08:43:52","slug":"offener-brief-vom-24-11-2025-zur-rolle-der-ekif-und-der-staatsanwaltschaften-im-umgang-mit-begruendeter-fachkritik-von-roger-bittel-von-bittel-tv","status":"publish","type":"post","link":"https:\/\/www.aletheia-scimed.ch\/de\/offener-brief-vom-24-11-2025-zur-rolle-der-ekif-und-der-staatsanwaltschaften-im-umgang-mit-begruendeter-fachkritik-von-roger-bittel-von-bittel-tv\/","title":{"rendered":"Offener Brief vom 24.11.2025 zur Rolle der EKIF und der Staatsanwaltschaften im Umgang mit begr\u00fcndeter Fachkritik &#8211; von Roger Bittel von Bittel TV."},"content":{"rendered":"<p>Sehr geehrte Damen und Herren<\/p>\n<p>Seit dem 7. September 2025 wurde Dr. Christoph Berger, Pr\u00e4sident der Eidgen\u00f6ssischen Kommission f\u00fcr Impffragen (EKIF), mehrfach mit gravierenden medizinischen und rechtlichen Einw\u00e4nden konfrontiert \u2013 unter anderem betreffend die Impfempfehlung f\u00fcr Schwangere und \u00e4ltere Menschen im Zusammenhang mit dem Impfstoff <em>Abrysvo<\/em>\u00a0sowie den modRNA-Impfstoffen. Trotz dokumentierter Evidenz (z.\u202fB. arznei-telegramm, Perplexity-Analysen, Fachartikel im NEJM) blieb eine fachliche Stellungnahme bis heute aus.<\/p>\n<p>Ich habe Herrn Berger am 21. November 2025 nochmals direkt angeschrieben \u2013 nicht als Mediziner, sondern als Journalist. Ich dokumentiere die \u00f6ffentliche Kommunikation und das Verhalten von Beh\u00f6rden in einem hochsensiblen gesundheitspolitischen Feld. Auch auf dieses letzte Schreiben wurde nicht reagiert.<\/p>\n<p><strong>\u201eIch gebe Ihnen hiermit letztmalig die M\u00f6glichkeit, bis sp\u00e4testens Mittwoch, 29. Oktober 2025, auf die zentralen Kritikpunkte einzugehen. Andernfalls sehe ich mich gezwungen, den bisherigen Verlauf der unbeantworteten Anfragen in einem \u00f6ffentlichen Beitrag detailliert darzustellen.\u201c<\/strong><\/p>\n<p><em>(Roger Bittel an Dr. Berger, 21.11.2025)<\/em><\/p>\n<p>&nbsp;<\/p>\n<p><strong>Diese Ank\u00fcndigung setze ich hiermit um.<\/strong><\/p>\n<p>Die nun kursierende E-Mail von Dr. Oliver Christen, adressiert an die Generalstaatsanwaltschaft Bern, EKIF, BAG und weitere, zeigt klar auf: Die Beh\u00f6rden lassen begr\u00fcndete Hinweise auf m\u00f6gliche Offizialdelikte ins Leere laufen \u2013 etwa den Verdacht auf fahrl\u00e4ssige K\u00f6rperverletzung, medizinische Fehlinformation, systemisches Versagen bei der Nutzen-Risiko-Kommunikation oder auf strukturelle Interessenkonflikte im Bereich \u00f6ffentlicher Impfempfehlungen.<\/p>\n<p>Die Reaktion der Staatsanwaltschaft Basel-Landschaft vom 19.11.2025 (Verfahrensnummer MU6 25 389 \/STD M\u00dcR) offenbart ein weiteres Problem: Eingaben mit konkreten Verdachtsmomenten werden als \u201eEntw\u00fcrfe\u201c abgetan \u2013 ohne R\u00fcckfrage, ohne Interesse, ohne inhaltliche Pr\u00fcfung\u00a0.<\/p>\n<p><strong>Die \u00d6ffentlichkeit hat ein Anrecht darauf zu erfahren:<\/strong><\/p>\n<ul>\n<li>Warum weder EKIF noch BAG auf kritische Analysen eingehen, die von \u00c4rzten mit FMH-Titel und forensischem Hintergrund verfasst wurden.<\/li>\n<li>Warum die Staatsanwaltschaften ihrer Pflicht zur Einleitung eines Vorverfahrens nach Art. 300 ff. StPO nicht nachkommen.<\/li>\n<li>Warum ein Impfstoff wie <em>Abrysvo<\/em>, dessen ARR bei unter 1\u202f% liegt und dessen Zulassungsstudie (NEJM, 2023) nicht signifikant war, trotzdem zur breiten Anwendung empfohlen wird.<\/li>\n<li>Warum ausgerechnet jene, die aufkl\u00e4ren wollen, mit Schweigen und institutioneller Ignoranz konfrontiert werden.<\/li>\n<\/ul>\n<p>&nbsp;<\/p>\n<p><strong>Ich fordere Sie h\u00f6flich, aber bestimmt auf:<\/strong><\/p>\n<ul>\n<li>Machen Sie Ihre Position zu den genannten Vorw\u00fcrfen transparent.<\/li>\n<li>Er\u00f6ffnen Sie einen \u00f6ffentlichen Diskurs, der der Komplexit\u00e4t und Tragweite der Thematik gerecht wird.<\/li>\n<li>Erkennen Sie die Gefahr, die vom systematischen Schweigen ausgeht \u2013 insbesondere f\u00fcr das Vertrauen in die Institutionen dieses Landes.<\/li>\n<\/ul>\n<p>&nbsp;<\/p>\n<p>Ich stehe f\u00fcr Nachfragen zur Verf\u00fcgung und dokumentiere den weiteren Verlauf \u00f6ffentlich auf <a href=\"http:\/\/www.bittel.tv\">www.bittel.tv<\/a>.<\/p>\n<p>Mit bestem Gru\u00df<\/p>\n<p><strong>Roger Bittel<\/strong><\/p>\n<p><a href=\"http:\/\/www.bittel.tv\">www.bittel.tv<\/a><\/p>\n","protected":false},"excerpt":{"rendered":"<p>Sehr geehrte Damen und Herren Seit dem 7. September 2025 wurde Dr. Christoph Berger, Pr\u00e4sident der Eidgen\u00f6ssischen Kommission f\u00fcr Impffragen (EKIF), mehrfach mit gravierenden medizinischen und rechtlichen Einw\u00e4nden konfrontiert \u2013 unter anderem betreffend die Impfempfehlung f\u00fcr Schwangere und \u00e4ltere Menschen im Zusammenhang mit dem Impfstoff Abrysvo\u00a0sowie den modRNA-Impfstoffen. Trotz dokumentierter Evidenz (z.\u202fB. arznei-telegramm, Perplexity-Analysen, Fachartikel [&hellip;]<\/p>\n","protected":false},"author":19,"featured_media":25051,"comment_status":"closed","ping_status":"closed","sticky":false,"template":"","format":"standard","meta":{"_acf_changed":false,"footnotes":""},"categories":[126],"class_list":["post-25250","post","type-post","status-publish","format-standard","has-post-thumbnail","hentry","category-fundgrube"],"acf":[],"publishpress_future_action":{"enabled":false,"date":"2026-05-07 08:18:50","action":"change-status","newStatus":"draft","terms":[],"taxonomy":"category","extraData":[]},"publishpress_future_workflow_manual_trigger":{"enabledWorkflows":[]},"_links":{"self":[{"href":"https:\/\/www.aletheia-scimed.ch\/de\/wp-json\/wp\/v2\/posts\/25250","targetHints":{"allow":["GET"]}}],"collection":[{"href":"https:\/\/www.aletheia-scimed.ch\/de\/wp-json\/wp\/v2\/posts"}],"about":[{"href":"https:\/\/www.aletheia-scimed.ch\/de\/wp-json\/wp\/v2\/types\/post"}],"author":[{"embeddable":true,"href":"https:\/\/www.aletheia-scimed.ch\/de\/wp-json\/wp\/v2\/users\/19"}],"replies":[{"embeddable":true,"href":"https:\/\/www.aletheia-scimed.ch\/de\/wp-json\/wp\/v2\/comments?post=25250"}],"version-history":[{"count":2,"href":"https:\/\/www.aletheia-scimed.ch\/de\/wp-json\/wp\/v2\/posts\/25250\/revisions"}],"predecessor-version":[{"id":25270,"href":"https:\/\/www.aletheia-scimed.ch\/de\/wp-json\/wp\/v2\/posts\/25250\/revisions\/25270"}],"wp:featuredmedia":[{"embeddable":true,"href":"https:\/\/www.aletheia-scimed.ch\/de\/wp-json\/wp\/v2\/media\/25051"}],"wp:attachment":[{"href":"https:\/\/www.aletheia-scimed.ch\/de\/wp-json\/wp\/v2\/media?parent=25250"}],"wp:term":[{"taxonomy":"category","embeddable":true,"href":"https:\/\/www.aletheia-scimed.ch\/de\/wp-json\/wp\/v2\/categories?post=25250"}],"curies":[{"name":"wp","href":"https:\/\/api.w.org\/{rel}","templated":true}]}}