{"id":25486,"date":"2026-01-16T09:56:26","date_gmt":"2026-01-16T08:56:26","guid":{"rendered":"https:\/\/www.aletheia-scimed.ch\/?p=25486"},"modified":"2026-01-21T10:57:40","modified_gmt":"2026-01-21T09:57:40","slug":"zwangsimpfung-per-gesetz-was-machen-die-kantone","status":"publish","type":"post","link":"https:\/\/www.aletheia-scimed.ch\/de\/zwangsimpfung-per-gesetz-was-machen-die-kantone\/","title":{"rendered":"Zwangsimpfung per Gesetz &#8211; Was machen die Kantone?"},"content":{"rendered":"<h3><strong>Diese Stellungnahme im Link zum neuen geplanten Gesundheitsgesetz im Kanton SG ging am 6. Januar 2026 per Einschreiben an den Kanton St. Gallen. <\/strong><\/h3>\n<p><a href=\"https:\/\/www.aletheia-scimed.ch\/wp-content\/uploads\/2026\/01\/Vernehmlassung_Gesundheitsgesetz_SG_definitiv.docx\">https:\/\/www.aletheia-scimed.ch\/wp-content\/uploads\/2026\/01\/Vernehmlassung_Gesundheitsgesetz_SG_definitiv.docx<\/a><\/p>\n<h3><strong data-entity-type=\"MessageEntityBold\">Es reicht! Ein Politiker darf das Volk nicht mit einem derart fragw\u00fcrdig wirkenden Vorgehen \u00fcbergehen! <\/strong><\/h3>\n<p><strong>Der Vorsteher des Gesundheitsdepartements des Kantons St. Gallen, Bruno Damann, \u00e4usserte sich zu den \u00fcber 2\u2019500 Reaktionen der Bev\u00f6lkerung auf die angedrohte Impfpflicht und die drakonische Busse von 20\u2019000 Franken wie folgt:<\/strong><br \/>\n<em data-entity-type=\"MessageEntityItalic\"><strong>\u00abEr kann sich entscheiden, wir werden ihn nicht zwingen. Aber er kann sich entscheiden, ob er Geld bezahlen will und sich nicht impfen l\u00e4sst oder ob er sagt, dann lasse ich mich halt impfen.\u00bb <\/strong><a href=\"https:\/\/www.srf.ch\/play\/tv\/10-vor-10\/video\/10-vor-10-vom-15-01-2026?urn=urn:srf:video:9cd9b3b1-2285-4a72-9e72-2c7931fb4df8\"><strong>Sehen Sie im Beitrag von SRF<\/strong><\/a><\/em><\/p>\n<p><strong>Dieses Vorgehen ist nicht mehr tragbar und stellt eine ernsthafte Belastung f\u00fcr demokratische Grundprinzipien dar. <\/strong><strong>Wenn der Schutz der gesamten Bev\u00f6lkerung wirklich oberste Priorit\u00e4t hat \u2013 notfalls mit Impfpflicht \u2013, erscheint es v\u00f6llig unverst\u00e4ndlich, dass dieses Ziel durch eine Busse von 20\u2019000 Franken pl\u00f6tzlich als erf\u00fcllt gilt. Durch die Zahlung einer Strafe verschwindet das behauptete Risiko keineswegs.<\/strong><\/p>\n<p>&#8212;&#8212;&#8212;&#8212;&#8212;&#8212;&#8212;&#8212;&#8212;&#8212;&#8211;<\/p>\n<h3>Auch andere Kantone sind aktiv und es stimmt bedenklich und wirkt bedrohlich!<\/h3>\n<h3>Pr\u00fcfen Sie die Situation in ihrem Kanton und schauen Sie sich das Gesundheitsgesetz und was geplant wird genau an. Neuestes Beispiel Kanton Z\u00fcrich:<\/h3>\n<p><strong>Die unsichtbare Wende im Z\u00fcrcher Gesundheitswesen.\u00a0<\/strong><strong>Eine Reform, die unter dem Radar blieb.<\/strong><\/p>\n<p><strong>In Z\u00fcrich hat sich eine bedeutsame \u00c4nderung im Gesundheitsrecht vollzogen, ohne dass sie breite \u00f6ffentliche Aufmerksamkeit erregt h\u00e4tte. Die Totalrevision des Gesundheitsgesetzes ist bereits umgesetzt und trat am 1. Januar 2026 in Kraft. Sie enth\u00e4lt Regelungen, die eine Art Impfverpflichtung vorsehen, offiziell als \u00abcompulsory vaccination\u00bb (Obligatorium) bezeichnet, die schon seit M\u00e4rz 2020 besteht. Bei Nichteinhaltung drohen empfindliche Strafen in H\u00f6he von bis zu 50&#8217;000 Franken.<\/strong><\/p>\n<p><strong><a href=\"https:\/\/web.telegram.org\/a\/?account=2#-1001523240523_98083\">https:\/\/web.telegram.org\/a\/?account=2#-1001523240523_98083<\/a><\/strong><\/p>\n<p><a href=\"https:\/\/www.facebook.com\/kantonzuerich\/posts\/das-kantonale-gesundheitsgesetz-ist-die-grundlage-f%C3%BCr-die-organisation-steuerung\/1071862485044723\/\"><strong>https:\/\/www.facebook.com\/kantonzuerich\/posts\/das-kantonale-gesundheitsgesetz-ist-die-grundlage-f%C3%BCr-die-organisation-steuerung\/1071862485044723\/<\/strong><\/a><\/p>\n<p>&#8212;&#8212;&#8212;&#8212;&#8212;&#8212;&#8212;&#8212;&#8212;&#8212;&#8211;<\/p>\n<h3>In mehreren Kantonen sind Impfbussen bereits m\u00f6glich und die Klausel steht schon im Gesetz.<br \/>\nMehr als die H\u00e4lfte der Kantone hat ein Impfobligatorium!<\/h3>\n<h3>Diese 13 Kantone (gr\u00fcn) haben die Klausel des Impfobligstoriums bereits im Gesetz!<br \/>\n(SRF Recherche)<\/h3>\n<p><img loading=\"lazy\" decoding=\"async\" class=\"\" src=\"https:\/\/www.aletheia-scimed.ch\/wp-content\/uploads\/2026\/01\/Impfobligatorium.jpg\" width=\"776\" height=\"424\" \/><\/p>\n<p>&#8212;&#8212;&#8212;&#8212;&#8212;&#8212;&#8212;&#8212;&#8212;&#8212;&#8211;<\/p>\n<h1><span style=\"color: #000000;\"><strong>ABF Schweiz Online-Petition<\/strong> <strong>\u00abKeine Teilrevision des Epidemiengesetzes ohne Aufarbeitung\u00bb<\/strong><\/span><\/h1>\n<h2><span style=\"color: #000000;\">Unterst\u00fctzen Sie dies mit Ihrer Unterschrift. <a style=\"color: #000000;\" href=\"https:\/\/abfschweiz.ch\/nein-zum-epg\/\"><span style=\"color: #99cc00;\"><span style=\"color: #0000ff;\">https:\/\/abfschweiz.ch\/nein-zum-epg\/<\/span><\/span><\/a><\/span><\/h2>\n<p><strong>Nationalrat und St\u00e4nderat m\u00fcssen vor der Beratung und Verabschiedung der Teilrevision des Epidemiengesetzes zwingend eine umfassende Aufarbeitung der Covid-19-Krise vornehmen. Diese muss insbesondere alle neuen Erkenntnisse der letzten sechs Jahre miteinbeziehen.<\/strong><\/p>\n","protected":false},"excerpt":{"rendered":"<p>Diese Stellungnahme im Link zum neuen geplanten Gesundheitsgesetz im Kanton SG ging am 6. Januar 2026 per Einschreiben an den Kanton St. Gallen. https:\/\/www.aletheia-scimed.ch\/wp-content\/uploads\/2026\/01\/Vernehmlassung_Gesundheitsgesetz_SG_definitiv.docx Es reicht! Ein Politiker darf das Volk nicht mit einem derart fragw\u00fcrdig wirkenden Vorgehen \u00fcbergehen! Der Vorsteher des Gesundheitsdepartements des Kantons St. Gallen, Bruno Damann, \u00e4usserte sich zu den \u00fcber 2\u2019500 [&hellip;]<\/p>\n","protected":false},"author":19,"featured_media":25490,"comment_status":"closed","ping_status":"closed","sticky":false,"template":"","format":"standard","meta":{"_acf_changed":false,"footnotes":""},"categories":[126,3,4,27],"class_list":["post-25486","post","type-post","status-publish","format-standard","has-post-thumbnail","hentry","category-fundgrube","category-corona","category-impfung","category-recht"],"acf":[],"publishpress_future_action":{"enabled":false,"date":"2026-05-08 08:21:42","action":"change-status","newStatus":"draft","terms":[],"taxonomy":"category","extraData":[]},"publishpress_future_workflow_manual_trigger":{"enabledWorkflows":[]},"_links":{"self":[{"href":"https:\/\/www.aletheia-scimed.ch\/de\/wp-json\/wp\/v2\/posts\/25486","targetHints":{"allow":["GET"]}}],"collection":[{"href":"https:\/\/www.aletheia-scimed.ch\/de\/wp-json\/wp\/v2\/posts"}],"about":[{"href":"https:\/\/www.aletheia-scimed.ch\/de\/wp-json\/wp\/v2\/types\/post"}],"author":[{"embeddable":true,"href":"https:\/\/www.aletheia-scimed.ch\/de\/wp-json\/wp\/v2\/users\/19"}],"replies":[{"embeddable":true,"href":"https:\/\/www.aletheia-scimed.ch\/de\/wp-json\/wp\/v2\/comments?post=25486"}],"version-history":[{"count":23,"href":"https:\/\/www.aletheia-scimed.ch\/de\/wp-json\/wp\/v2\/posts\/25486\/revisions"}],"predecessor-version":[{"id":25539,"href":"https:\/\/www.aletheia-scimed.ch\/de\/wp-json\/wp\/v2\/posts\/25486\/revisions\/25539"}],"wp:featuredmedia":[{"embeddable":true,"href":"https:\/\/www.aletheia-scimed.ch\/de\/wp-json\/wp\/v2\/media\/25490"}],"wp:attachment":[{"href":"https:\/\/www.aletheia-scimed.ch\/de\/wp-json\/wp\/v2\/media?parent=25486"}],"wp:term":[{"taxonomy":"category","embeddable":true,"href":"https:\/\/www.aletheia-scimed.ch\/de\/wp-json\/wp\/v2\/categories?post=25486"}],"curies":[{"name":"wp","href":"https:\/\/api.w.org\/{rel}","templated":true}]}}