{"id":26385,"date":"2026-04-26T12:05:56","date_gmt":"2026-04-26T11:05:56","guid":{"rendered":"https:\/\/www.aletheia-scimed.ch\/?p=26385"},"modified":"2026-04-26T12:06:20","modified_gmt":"2026-04-26T11:06:20","slug":"wende","status":"publish","type":"post","link":"https:\/\/www.aletheia-scimed.ch\/de\/wende\/","title":{"rendered":"Dr. Bhakdi: &#8230;warum diese ganze Impfkampagne gestoppt werden muss!"},"content":{"rendered":"<p>Original-Worte von Dr. Sucharit Bhakdi: Mit dieser Zusammenstellung der Beweisst\u00fccke, die auf der Stra\u00dfe liegen und nur aufgesammelt werden m\u00fcssen, ist jeder jetzt in der Lage, zu verstehen, warum diese ganze Impfkampagne gestoppt werden muss!<\/p>\n<blockquote class=\"wp-embedded-content\" data-secret=\"0wYzyEd6wT\"><p><a href=\"https:\/\/hoch2.tv\/sendung\/professor-bhakdi-eskaliert-niemand-kann-mehr-sagen-ich-wusste-es-nicht\/\">Professor Bhakdi eskaliert \u2013 \u00abNiemand kann mehr sagen: Ich wusste es nicht\u00bb<\/a><\/p><\/blockquote>\n<p><iframe loading=\"lazy\" class=\"wp-embedded-content\" sandbox=\"allow-scripts\" security=\"restricted\" style=\"position: absolute; visibility: hidden;\" title=\"&#8222;Professor Bhakdi eskaliert \u2013 \u00abNiemand kann mehr sagen: Ich wusste es nicht\u00bb&#8220; &#8212; Hoch2\" src=\"https:\/\/hoch2.tv\/sendung\/professor-bhakdi-eskaliert-niemand-kann-mehr-sagen-ich-wusste-es-nicht\/embed\/#?secret=9XC1J5lIqm#?secret=0wYzyEd6wT\" data-secret=\"0wYzyEd6wT\" width=\"500\" height=\"282\" frameborder=\"0\" marginwidth=\"0\" marginheight=\"0\" scrolling=\"no\"><\/iframe><\/p>\n<p>Im Gespr\u00e4ch mit Regina Castelberg spricht Prof. Dr. Sucharit Bhakdi \u00fcber (s)ein neues Buch \u2013 ein Kompendium, das laut ihm die wichtigsten Punkte der letzten Jahre verst\u00e4ndlich zusammenf\u00fchrt.<\/p>\n<p>Dabei geht es nicht nur um wissenschaftliche Details \u2013 sondern um Zusammenh\u00e4nge, die laut Bhakdi bisher nicht vollst\u00e4ndig aufgearbeitet wurden.<\/p>\n<p>Er beschreibt, warum dieses Buch f\u00fcr ihn einen \u00abSchlusspunkt\u00bb darstellt \u2013<br \/>\nund warum er \u00fcberzeugt ist, dass nun eine Phase beginnt, in der sich niemand mehr auf Unwissen berufen kann.<\/p>\n<p>\ud83d\udc49 Welche Argumente f\u00fchrt er an?<br \/>\n\ud83d\udc49 Welche Entwicklungen h\u00e4lt er f\u00fcr entscheidend?<br \/>\n\ud83d\udc49 Und warum sieht er jetzt einen Wendepunkt?<\/p>\n<p>Ein intensives Gespr\u00e4ch \u2013 emotional, eindringlich und voller Fragen, die man nicht einfach beiseite schieben kann.<\/p>\n","protected":false},"excerpt":{"rendered":"<p>Original-Worte von Dr. Sucharit Bhakdi: Mit dieser Zusammenstellung der Beweisst\u00fccke, die auf der Stra\u00dfe liegen und nur aufgesammelt werden m\u00fcssen, ist jeder jetzt in der Lage, zu verstehen, warum diese ganze Impfkampagne gestoppt werden muss! Professor Bhakdi eskaliert \u2013 \u00abNiemand kann mehr sagen: Ich wusste es nicht\u00bb Im Gespr\u00e4ch mit Regina Castelberg spricht Prof. Dr. [&hellip;]<\/p>\n","protected":false},"author":18,"featured_media":26386,"comment_status":"closed","ping_status":"closed","sticky":false,"template":"","format":"standard","meta":{"_acf_changed":false,"footnotes":""},"categories":[3,4],"class_list":["post-26385","post","type-post","status-publish","format-standard","has-post-thumbnail","hentry","category-corona","category-impfung"],"acf":[],"publishpress_future_action":{"enabled":false,"date":"2026-05-04 02:19:13","action":"change-status","newStatus":"draft","terms":[],"taxonomy":"category","extraData":[]},"publishpress_future_workflow_manual_trigger":{"enabledWorkflows":[]},"_links":{"self":[{"href":"https:\/\/www.aletheia-scimed.ch\/de\/wp-json\/wp\/v2\/posts\/26385","targetHints":{"allow":["GET"]}}],"collection":[{"href":"https:\/\/www.aletheia-scimed.ch\/de\/wp-json\/wp\/v2\/posts"}],"about":[{"href":"https:\/\/www.aletheia-scimed.ch\/de\/wp-json\/wp\/v2\/types\/post"}],"author":[{"embeddable":true,"href":"https:\/\/www.aletheia-scimed.ch\/de\/wp-json\/wp\/v2\/users\/18"}],"replies":[{"embeddable":true,"href":"https:\/\/www.aletheia-scimed.ch\/de\/wp-json\/wp\/v2\/comments?post=26385"}],"version-history":[{"count":1,"href":"https:\/\/www.aletheia-scimed.ch\/de\/wp-json\/wp\/v2\/posts\/26385\/revisions"}],"predecessor-version":[{"id":26389,"href":"https:\/\/www.aletheia-scimed.ch\/de\/wp-json\/wp\/v2\/posts\/26385\/revisions\/26389"}],"wp:featuredmedia":[{"embeddable":true,"href":"https:\/\/www.aletheia-scimed.ch\/de\/wp-json\/wp\/v2\/media\/26386"}],"wp:attachment":[{"href":"https:\/\/www.aletheia-scimed.ch\/de\/wp-json\/wp\/v2\/media?parent=26385"}],"wp:term":[{"taxonomy":"category","embeddable":true,"href":"https:\/\/www.aletheia-scimed.ch\/de\/wp-json\/wp\/v2\/categories?post=26385"}],"curies":[{"name":"wp","href":"https:\/\/api.w.org\/{rel}","templated":true}]}}