{"id":410,"date":"2021-10-06T08:12:23","date_gmt":"2021-10-06T06:12:23","guid":{"rendered":"https:\/\/www.aletheia-scimed.ch\/?p=410"},"modified":"2022-06-26T20:40:26","modified_gmt":"2022-06-26T18:40:26","slug":"wer-kann-die-pandemie-beenden","status":"publish","type":"post","link":"https:\/\/www.aletheia-scimed.ch\/de\/wer-kann-die-pandemie-beenden\/","title":{"rendered":"Wer kann die Pandemie beenden?"},"content":{"rendered":"<p><strong>Seit nunmehr 19 Monaten dominiert ein einziges Thema die \u00f6ffentlichen Medien und damit auch unser aller Leben: Wir befinden uns in einer \u00abepidemischen Notlage von noch nie dagewesenem Ausmass\u00bb.<\/strong><\/p>\n<p>Aber anstatt uns zu beruhigen und den Menschen aufzuzeigen, dass sie sich mit einem gesunden Lebenswandel, regelm\u00e4ssiger Bewegung an der frischen Luft, einer ausgewogenen Ern\u00e4hrung oder Verzicht aufs Rauchen wappnen k\u00f6nnen, wird uns fast 24\/7 mit von der Taskforce prophezeiten, aber nie eingetroffenen Schreckensszenarien und mit Bildern, die unser Unterbewusstsein pr\u00e4gen, wie beispielsweise auf dem Bauch gelagerten intubierten \u00abCOVID-Patienten\u00bb, Angst eingejagt.<\/p>\n<p>Wer Angst hat, ist einfacher zu steuern und verliert den Bezug zur Realit\u00e4t.<\/p>\n<p><strong>Was sind die Fakten zur \u00abPandemie\u00bb?<\/strong><\/p>\n<p>Lesen Sie dazu den Artikel auf <a href=\"https:\/\/www.medinside.ch\/de\/post\/wer-kann-die-pandemie-beenden\" target=\"_blank\" rel=\"noopener\">Medinside<\/a>, vom 5. Oktober 2021<br \/>\nGastbeitrag von Kati Schepis, Pharmazeutin und ALETHEIA-Unterst\u00fctzerin<\/p>\n<p>&nbsp;<\/p>\n","protected":false},"excerpt":{"rendered":"<p>Seit nunmehr 19 Monaten dominiert ein einziges Thema die \u00f6ffentlichen Medien und damit auch unser aller Leben: Wir befinden uns in einer \u00abepidemischen Notlage von noch nie dagewesenem Ausmass\u00bb. Aber anstatt uns zu beruhigen und den Menschen aufzuzeigen, dass sie sich mit einem gesunden Lebenswandel, regelm\u00e4ssiger Bewegung an der frischen Luft, einer ausgewogenen Ern\u00e4hrung oder [&hellip;]<\/p>\n","protected":false},"author":6,"featured_media":2847,"comment_status":"closed","ping_status":"closed","sticky":false,"template":"","format":"standard","meta":{"_acf_changed":false,"footnotes":""},"categories":[3,25,5],"class_list":["post-410","post","type-post","status-publish","format-standard","has-post-thumbnail","hentry","category-corona","category-massnahmen","category-virus"],"acf":[],"publishpress_future_action":{"enabled":false,"date":"2026-05-04 13:35:25","action":"change-status","newStatus":"draft","terms":[],"taxonomy":"category","extraData":[]},"publishpress_future_workflow_manual_trigger":{"enabledWorkflows":[]},"_links":{"self":[{"href":"https:\/\/www.aletheia-scimed.ch\/de\/wp-json\/wp\/v2\/posts\/410","targetHints":{"allow":["GET"]}}],"collection":[{"href":"https:\/\/www.aletheia-scimed.ch\/de\/wp-json\/wp\/v2\/posts"}],"about":[{"href":"https:\/\/www.aletheia-scimed.ch\/de\/wp-json\/wp\/v2\/types\/post"}],"author":[{"embeddable":true,"href":"https:\/\/www.aletheia-scimed.ch\/de\/wp-json\/wp\/v2\/users\/6"}],"replies":[{"embeddable":true,"href":"https:\/\/www.aletheia-scimed.ch\/de\/wp-json\/wp\/v2\/comments?post=410"}],"version-history":[{"count":9,"href":"https:\/\/www.aletheia-scimed.ch\/de\/wp-json\/wp\/v2\/posts\/410\/revisions"}],"predecessor-version":[{"id":3957,"href":"https:\/\/www.aletheia-scimed.ch\/de\/wp-json\/wp\/v2\/posts\/410\/revisions\/3957"}],"wp:featuredmedia":[{"embeddable":true,"href":"https:\/\/www.aletheia-scimed.ch\/de\/wp-json\/wp\/v2\/media\/2847"}],"wp:attachment":[{"href":"https:\/\/www.aletheia-scimed.ch\/de\/wp-json\/wp\/v2\/media?parent=410"}],"wp:term":[{"taxonomy":"category","embeddable":true,"href":"https:\/\/www.aletheia-scimed.ch\/de\/wp-json\/wp\/v2\/categories?post=410"}],"curies":[{"name":"wp","href":"https:\/\/api.w.org\/{rel}","templated":true}]}}