{"id":971,"date":"2021-06-01T10:49:04","date_gmt":"2021-06-01T08:49:04","guid":{"rendered":"https:\/\/www.aletheia-scimed.ch\/?p=971"},"modified":"2022-06-26T23:01:47","modified_gmt":"2022-06-26T21:01:47","slug":"covid-19-und-vitamin-d-eine-evidenzbasierte-analyse-gespraech-prof-joerg-spitzer-und-uwe-groeber","status":"publish","type":"post","link":"https:\/\/www.aletheia-scimed.ch\/de\/covid-19-und-vitamin-d-eine-evidenzbasierte-analyse-gespraech-prof-joerg-spitzer-und-uwe-groeber\/","title":{"rendered":"COVID-19 und Vitamin D &#8211; Eine evidenzbasierte Analyse"},"content":{"rendered":"<p>COVID-19 und Vitamin D &#8211; Eine evidenzbasierte Analyse &#8211; Spitzen-Gespr\u00e4ch Prof. J\u00f6rg Spitz und Uwe Gr\u00f6ber<\/p>\n<p><iframe loading=\"lazy\" title=\"COVID-19 und Vitamin D - Eine evidenzbasierte Analyse - Spitzen-Gespr\u00e4ch Prof. J\u00f6rg Spitz &amp; Gr\u00f6ber\" width=\"500\" height=\"281\" src=\"https:\/\/www.youtube.com\/embed\/v-cM9jQKUYY?feature=oembed\" frameborder=\"0\" allow=\"accelerometer; autoplay; clipboard-write; encrypted-media; gyroscope; picture-in-picture; web-share\" referrerpolicy=\"strict-origin-when-cross-origin\" allowfullscreen><\/iframe><\/p>\n","protected":false},"excerpt":{"rendered":"<p>COVID-19 und Vitamin D &#8211; Eine evidenzbasierte Analyse &#8211; Spitzen-Gespr\u00e4ch Prof. J\u00f6rg Spitz und Uwe Gr\u00f6ber<\/p>\n","protected":false},"author":5,"featured_media":2100,"comment_status":"closed","ping_status":"closed","sticky":false,"template":"","format":"standard","meta":{"_acf_changed":false,"footnotes":""},"categories":[28,31],"class_list":["post-971","post","type-post","status-publish","format-standard","has-post-thumbnail","hentry","category-gesundheit","category-praeventionstherapie"],"acf":[],"publishpress_future_action":{"enabled":false,"date":"2026-05-07 12:37:45","action":"change-status","newStatus":"draft","terms":[],"taxonomy":"category","extraData":[]},"publishpress_future_workflow_manual_trigger":{"enabledWorkflows":[]},"_links":{"self":[{"href":"https:\/\/www.aletheia-scimed.ch\/de\/wp-json\/wp\/v2\/posts\/971","targetHints":{"allow":["GET"]}}],"collection":[{"href":"https:\/\/www.aletheia-scimed.ch\/de\/wp-json\/wp\/v2\/posts"}],"about":[{"href":"https:\/\/www.aletheia-scimed.ch\/de\/wp-json\/wp\/v2\/types\/post"}],"author":[{"embeddable":true,"href":"https:\/\/www.aletheia-scimed.ch\/de\/wp-json\/wp\/v2\/users\/5"}],"replies":[{"embeddable":true,"href":"https:\/\/www.aletheia-scimed.ch\/de\/wp-json\/wp\/v2\/comments?post=971"}],"version-history":[{"count":5,"href":"https:\/\/www.aletheia-scimed.ch\/de\/wp-json\/wp\/v2\/posts\/971\/revisions"}],"predecessor-version":[{"id":3566,"href":"https:\/\/www.aletheia-scimed.ch\/de\/wp-json\/wp\/v2\/posts\/971\/revisions\/3566"}],"wp:featuredmedia":[{"embeddable":true,"href":"https:\/\/www.aletheia-scimed.ch\/de\/wp-json\/wp\/v2\/media\/2100"}],"wp:attachment":[{"href":"https:\/\/www.aletheia-scimed.ch\/de\/wp-json\/wp\/v2\/media?parent=971"}],"wp:term":[{"taxonomy":"category","embeddable":true,"href":"https:\/\/www.aletheia-scimed.ch\/de\/wp-json\/wp\/v2\/categories?post=971"}],"curies":[{"name":"wp","href":"https:\/\/api.w.org\/{rel}","templated":true}]}}